{"id":39330,"date":"2022-07-15T11:30:44","date_gmt":"2022-07-15T14:30:44","guid":{"rendered":"https:\/\/vocesdebaires.com.ar\/?p=39330"},"modified":"2022-07-15T11:30:44","modified_gmt":"2022-07-15T14:30:44","slug":"en-la-ciudadjornada-por-la-ley-general-de-tierra-techo-y-trabajo","status":"publish","type":"post","link":"https:\/\/vocesdebaires.com.ar\/index.php\/2022\/07\/15\/en-la-ciudadjornada-por-la-ley-general-de-tierra-techo-y-trabajo\/","title":{"rendered":"En la ciudad:Jornada por la Ley General de Tierra, Techo y Trabajo"},"content":{"rendered":"<p>Desde la Rama Agraria de la Uni\u00f3n de Trabajadores y Trabajadores de la Econom\u00eda Popular (UTEP), formamos parte de la gran jornada para seguir impulsando la Ley de Tierra, Techo y Trabajo,ayer jueves en la Plaza de los Dos Congresos y otros puntos del pa\u00eds.Convocada por la UTEP, se realiz\u00f3 una gran feria de la econom\u00eda popular desde las 10 de la ma\u00f1ana, hasta el cierre a las 3 de la tarde. Desde la agricultura familiar, campesina, ind\u00edgena y la pesca artesanal, seguimos exigiendo la reglamentaci\u00f3n con presupuesto de la Ley 27.118, de Reparaci\u00f3n Hist\u00f3rica de la Agricultura Familiar para la Construcci\u00f3n de una Nueva Ruralidad en la Argentina.<\/p>\n<p>Se trata de una herramienta imprescindible para alcanzar la soberan\u00eda alimentaria, y que fuera anunciada por el presidente Alberto Fern\u00e1ndez en junio. A la vez, insistimos y reclamamos medidas de emergencia para los m\u00e1s castigados del campo por las pol\u00edticas del Macrismo y las consecuencias de la pandemia del Covid-19.\u00a0 Adem\u00e1s, la implementaci\u00f3n de proyectos productivos de acuerdo a las demandas territoriales; la promoci\u00f3n de fondos rotatorios e incentivos para la producci\u00f3n de cooperativas y asociaciones de productores y productoras; el valor agregado en origen, con la creaci\u00f3n de mercados de cercan\u00eda; la compra estatal; la Ley de Humedales; los cr\u00e9ditos para la compra de tierras y la titularizaci\u00f3n de las tierras de nuestros pueblos originarios.<\/p>\n<p>Este a\u00f1o, logramos una conquista hist\u00f3rica, como fue la pr\u00f3rroga de la Ley 26.160, que declara la emergencia en materia de posesi\u00f3n y propiedad de las tierras de las comunidades ind\u00edgenas e impide los desalojos de las mismas.Tambi\u00e9n obtuvimos respuestas activas por parte del Estado en muchas situaciones, con la Secretar\u00eda de Agricultura Familiar, Campesina e Ind\u00edgena a la cabeza. Pero falta presupuesto y regulaciones que permitan un cambio en la situaci\u00f3n de la mayor parte de las y los habitantes de las regiones rurales, tanto a corto como a largo plazo.<br \/>\nNuestro sector, a la vez, tiene la capacidad de brindar alimentos sanos y a precios justos a la poblaci\u00f3n, permitiendo contrarrestar los efectos inflacionarios que provocan los commodities que lejos de alimentar al pueblo, profundizan la desigualdad y la concentraci\u00f3n de la riqueza en manos de los terratenientes y grupos concentrados.<\/p>\n<p><strong>#Soberan\u00edaAlimentaria<\/strong><br \/>\n<strong>#TierraTechoTrabajo<\/strong><\/p>\n<p>Asamblea Campesina Ind\u00edgena del Norte Argentino (ACINA)<br \/>\nAgrupaci\u00f3n Grito de Alcorta (AGA)<br \/>\nAsociaci\u00f3n de Mujeres Rurales Argentina Federal (AMRAF)<br \/>\nFederaci\u00f3n de Trabajadores Agrarios de la Actividad Primaria (FeTAAP)<br \/>\nFederaci\u00f3n Nacional Campesina (FNC)<br \/>\nFederaci\u00f3n de Organizaciones de Base (FOB)<br \/>\nFrente Agrario Evita<br \/>\nLiga de Trabajadorxs Rurales (LTR)<br \/>\nMovimiento Campesino de Liberaci\u00f3n (MCL)<br \/>\nMovimiento de Trabajadores Excluidos rama Rural (MTE Rural)<br \/>\nMovimiento Nacional Campesino Ind\u00edgena \u2013 La V\u00eda Campesina (MNCI \u2013 VC)<br \/>\nCoordinadora Latinoamericana de Organizaciones Campesinas (CLOC)<br \/>\nLa V\u00eda Campesina<\/p>\n<p><strong>Uni\u00f3n de Trabajadores y Trabajadoras de la Econom\u00eda Popular &#8211; Rama Agraria (UTEP Agraria)<\/strong><\/p>\n","protected":false},"excerpt":{"rendered":"<p>Desde la Rama Agraria de la Uni\u00f3n de Trabajadores y Trabajadores de la Econom\u00eda Popular (UTEP), formamos parte de la gran jornada para seguir impulsando la Ley de Tierra, Techo y Trabajo,ayer jueves en la Plaza de los Dos Congresos y otros puntos del pa\u00eds.Convocada por la UTEP, se realiz\u00f3 una gran feria de la [&hellip;]<\/p>\n","protected":false},"author":3,"featured_media":39331,"comment_status":"open","ping_status":"open","sticky":false,"template":"","format":"standard","meta":{"_et_pb_use_builder":"","_et_pb_old_content":"","_et_gb_content_width":"","footnotes":""},"categories":[11,33],"tags":[],"class_list":["post-39330","post","type-post","status-publish","format-standard","has-post-thumbnail","hentry","category-ciudad","category-sociedad-y-cultura-2"],"_links":{"self":[{"href":"https:\/\/vocesdebaires.com.ar\/index.php\/wp-json\/wp\/v2\/posts\/39330"}],"collection":[{"href":"https:\/\/vocesdebaires.com.ar\/index.php\/wp-json\/wp\/v2\/posts"}],"about":[{"href":"https:\/\/vocesdebaires.com.ar\/index.php\/wp-json\/wp\/v2\/types\/post"}],"author":[{"embeddable":true,"href":"https:\/\/vocesdebaires.com.ar\/index.php\/wp-json\/wp\/v2\/users\/3"}],"replies":[{"embeddable":true,"href":"https:\/\/vocesdebaires.com.ar\/index.php\/wp-json\/wp\/v2\/comments?post=39330"}],"version-history":[{"count":1,"href":"https:\/\/vocesdebaires.com.ar\/index.php\/wp-json\/wp\/v2\/posts\/39330\/revisions"}],"predecessor-version":[{"id":39332,"href":"https:\/\/vocesdebaires.com.ar\/index.php\/wp-json\/wp\/v2\/posts\/39330\/revisions\/39332"}],"wp:featuredmedia":[{"embeddable":true,"href":"https:\/\/vocesdebaires.com.ar\/index.php\/wp-json\/wp\/v2\/media\/39331"}],"wp:attachment":[{"href":"https:\/\/vocesdebaires.com.ar\/index.php\/wp-json\/wp\/v2\/media?parent=39330"}],"wp:term":[{"taxonomy":"category","embeddable":true,"href":"https:\/\/vocesdebaires.com.ar\/index.php\/wp-json\/wp\/v2\/categories?post=39330"},{"taxonomy":"post_tag","embeddable":true,"href":"https:\/\/vocesdebaires.com.ar\/index.php\/wp-json\/wp\/v2\/tags?post=39330"}],"curies":[{"name":"wp","href":"https:\/\/api.w.org\/{rel}","templated":true}]}}