{"id":39337,"date":"2022-07-15T11:36:59","date_gmt":"2022-07-15T14:36:59","guid":{"rendered":"https:\/\/vocesdebaires.com.ar\/?p=39337"},"modified":"2022-07-15T11:36:59","modified_gmt":"2022-07-15T14:36:59","slug":"colores-para-vivirmuestra-de-charly-y-teran-en-jungla-habitat-cultural","status":"publish","type":"post","link":"https:\/\/vocesdebaires.com.ar\/index.php\/2022\/07\/15\/colores-para-vivirmuestra-de-charly-y-teran-en-jungla-habitat-cultural\/","title":{"rendered":"Colores para vivir:Muestra de Charly y Teran \u00abEn Jungla Habitat Cultural\u00bb"},"content":{"rendered":"<p>Ma\u00f1ana s\u00e1bado 16 de julio a partir de las 19 hs Jungla H\u00e1bitat Cultural abre sus puertas para visitar la exposici\u00f3n del artista pl\u00e1stico Charly Ter\u00e1n \u201cColores para vivir\u201d, se podr\u00e1 ver su obra en las distintas salas de Jungla y un gran mural en la terraza, adem\u00e1s habr\u00e1 m\u00fasica en vivo con el DJ Christian Miguens. \u00abDesde ni\u00f1o descubr\u00ed en el arte eso que yo ten\u00eda para dar a los dem\u00e1s, mi lugar de pertenencia, mi cable a tierra. Los colores, de alguna manera, se convirtieron en mi motor de vida. &#8216;Colores para vivir&#8217; es mi lema. Y es all\u00ed donde mis obras encuentran su equilibrio\u00bb, cuenta Ter\u00e1n sobre su obra.\u00a0 Charly Ter\u00e1n es artista pl\u00e1stico, ilustrador, muralista, artista digital y creador de contenidos. Su obra presenta un estallido de colores que va desde lo concretamente inmerso en la naturaleza y las problem\u00e1ticas sociales hasta lo m\u00e1s estrictamente abstracto. Y en todo ese abanico se destaca la preeminencia del color como algo indispensable para el ser humano.<\/p>\n<p><strong>Gran parte de su carrera estuvo dedicada a la creaci\u00f3n y el dise\u00f1o de personajes para series infantiles de televisi\u00f3n, entre las cuales se destacan:<\/strong> El Jard\u00edn de Claril\u00fa (que recibi\u00f3 varios premios internacionales), Art Attack (programa brit\u00e1nico de TV infantil dedicado a las manualidades, para el que fue convocado por Disney Channel Latin America como director de arte durante cinco temporadas consecutivas), Vicente van Coco (personaje creado especialmente para Art Attack), Play Ground (responsable del arte y del dise\u00f1o del programa de Disney Junior Latin America), H\u00e9roes de la naturaleza (responsable de la idea original y del dise\u00f1o de los personajes de dos temporadas para Disney Channel Latin America), Morkoy Mali (creaci\u00f3n y dise\u00f1o de todos los personajes de la Serie, para Disney J.R), New Santa (responsable de producci\u00f3n y dise\u00f1o para Disney XD, especial navidad) y Ogro Disney XD (idea y producci\u00f3n). Jungla H\u00e1bitat Cultural est\u00e1 ubicado en Guardia Vieja 3580, Caba, es un espacio cultural abierto, heterog\u00e9neo, que impulsa la cultura en un sentido amplio y fomenta la creatividad. La entrada a la muestra \u201cColores para vivir\u201d es libre y gratuita.<\/p>\n","protected":false},"excerpt":{"rendered":"<p>Ma\u00f1ana s\u00e1bado 16 de julio a partir de las 19 hs Jungla H\u00e1bitat Cultural abre sus puertas para visitar la exposici\u00f3n del artista pl\u00e1stico Charly Ter\u00e1n \u201cColores para vivir\u201d, se podr\u00e1 ver su obra en las distintas salas de Jungla y un gran mural en la terraza, adem\u00e1s habr\u00e1 m\u00fasica en vivo con el DJ [&hellip;]<\/p>\n","protected":false},"author":2,"featured_media":39338,"comment_status":"open","ping_status":"open","sticky":false,"template":"","format":"standard","meta":{"_et_pb_use_builder":"","_et_pb_old_content":"","_et_gb_content_width":"","footnotes":""},"categories":[11,33],"tags":[],"class_list":["post-39337","post","type-post","status-publish","format-standard","has-post-thumbnail","hentry","category-ciudad","category-sociedad-y-cultura-2"],"_links":{"self":[{"href":"https:\/\/vocesdebaires.com.ar\/index.php\/wp-json\/wp\/v2\/posts\/39337"}],"collection":[{"href":"https:\/\/vocesdebaires.com.ar\/index.php\/wp-json\/wp\/v2\/posts"}],"about":[{"href":"https:\/\/vocesdebaires.com.ar\/index.php\/wp-json\/wp\/v2\/types\/post"}],"author":[{"embeddable":true,"href":"https:\/\/vocesdebaires.com.ar\/index.php\/wp-json\/wp\/v2\/users\/2"}],"replies":[{"embeddable":true,"href":"https:\/\/vocesdebaires.com.ar\/index.php\/wp-json\/wp\/v2\/comments?post=39337"}],"version-history":[{"count":1,"href":"https:\/\/vocesdebaires.com.ar\/index.php\/wp-json\/wp\/v2\/posts\/39337\/revisions"}],"predecessor-version":[{"id":39339,"href":"https:\/\/vocesdebaires.com.ar\/index.php\/wp-json\/wp\/v2\/posts\/39337\/revisions\/39339"}],"wp:featuredmedia":[{"embeddable":true,"href":"https:\/\/vocesdebaires.com.ar\/index.php\/wp-json\/wp\/v2\/media\/39338"}],"wp:attachment":[{"href":"https:\/\/vocesdebaires.com.ar\/index.php\/wp-json\/wp\/v2\/media?parent=39337"}],"wp:term":[{"taxonomy":"category","embeddable":true,"href":"https:\/\/vocesdebaires.com.ar\/index.php\/wp-json\/wp\/v2\/categories?post=39337"},{"taxonomy":"post_tag","embeddable":true,"href":"https:\/\/vocesdebaires.com.ar\/index.php\/wp-json\/wp\/v2\/tags?post=39337"}],"curies":[{"name":"wp","href":"https:\/\/api.w.org\/{rel}","templated":true}]}}