{"id":39346,"date":"2022-07-15T11:42:01","date_gmt":"2022-07-15T14:42:01","guid":{"rendered":"https:\/\/vocesdebaires.com.ar\/?p=39346"},"modified":"2022-07-15T11:42:01","modified_gmt":"2022-07-15T14:42:01","slug":"una-modificacion-a-la-ley-tutelaje-de-menores-y-discapacitados","status":"publish","type":"post","link":"https:\/\/vocesdebaires.com.ar\/index.php\/2022\/07\/15\/una-modificacion-a-la-ley-tutelaje-de-menores-y-discapacitados\/","title":{"rendered":"Una modificaci\u00f3n a la Ley: Tutelaje de menores y discapacitados"},"content":{"rendered":"<p>Una modificaci\u00f3n a la Ley Org\u00e1nica del Ministerio P\u00fablico, aprobada ayer jueves, introdujo adecuaciones en las funciones y normas de procedimiento de los asesores tutelares, con el prop\u00f3sito de asegurar la eficacia en el acceso a la justicia de todas las personas que tengan cualquier tipo de discapacidad y de los \u201cmenores de edad\u201d, que pasan a denominarse \u201cni\u00f1os, ni\u00f1as y adolescentes\u201d. La iniciativa fue de la ciudadana Carolina Stanley (ex legisladora y ex ministra), con el respaldo de los bloques Vamos Juntos y UCR y el proyecto fue despachado por la comisi\u00f3n legislativa de Justicia, que preside la legisladora porte\u00f1a Mar\u00eda In\u00e9s Parry (UCR). En el recinto se aprob\u00f3 por 36 votos positivos y la abstenci\u00f3n del Frente de Todos.<\/p>\n<p>Seg\u00fan esta ley, los asesores tutelares deber\u00e1n \u201cpromover o intervenir en causas concernientes a la protecci\u00f3n de ni\u00f1as, ni\u00f1os y adolescentes, personas que requieran la implementaci\u00f3n de un sistema de apoyos para el ejercicio de la capacidad jur\u00eddica y aquellas en las que hubiera reca\u00eddo sentencia en un proceso judicial relativo a la capacidad, y sus bienes y requerir todas las medidas conducentes a tales prop\u00f3sitos, de conformidad con las leyes respectivas, cuando carecieren de asistencia o representaci\u00f3n legal; fuere necesario suplir la inacci\u00f3n de sus asistentes y representantes legales, parientes o personas que los tuvieren a su cargo; o hubiere que controlar la gesti\u00f3n de estos \u00faltimos\u201d.<\/p>\n","protected":false},"excerpt":{"rendered":"<p>Una modificaci\u00f3n a la Ley Org\u00e1nica del Ministerio P\u00fablico, aprobada ayer jueves, introdujo adecuaciones en las funciones y normas de procedimiento de los asesores tutelares, con el prop\u00f3sito de asegurar la eficacia en el acceso a la justicia de todas las personas que tengan cualquier tipo de discapacidad y de los \u201cmenores de edad\u201d, que [&hellip;]<\/p>\n","protected":false},"author":2,"featured_media":39347,"comment_status":"open","ping_status":"open","sticky":false,"template":"","format":"standard","meta":{"_et_pb_use_builder":"","_et_pb_old_content":"","_et_gb_content_width":"","footnotes":""},"categories":[11,33],"tags":[],"class_list":["post-39346","post","type-post","status-publish","format-standard","has-post-thumbnail","hentry","category-ciudad","category-sociedad-y-cultura-2"],"_links":{"self":[{"href":"https:\/\/vocesdebaires.com.ar\/index.php\/wp-json\/wp\/v2\/posts\/39346"}],"collection":[{"href":"https:\/\/vocesdebaires.com.ar\/index.php\/wp-json\/wp\/v2\/posts"}],"about":[{"href":"https:\/\/vocesdebaires.com.ar\/index.php\/wp-json\/wp\/v2\/types\/post"}],"author":[{"embeddable":true,"href":"https:\/\/vocesdebaires.com.ar\/index.php\/wp-json\/wp\/v2\/users\/2"}],"replies":[{"embeddable":true,"href":"https:\/\/vocesdebaires.com.ar\/index.php\/wp-json\/wp\/v2\/comments?post=39346"}],"version-history":[{"count":1,"href":"https:\/\/vocesdebaires.com.ar\/index.php\/wp-json\/wp\/v2\/posts\/39346\/revisions"}],"predecessor-version":[{"id":39348,"href":"https:\/\/vocesdebaires.com.ar\/index.php\/wp-json\/wp\/v2\/posts\/39346\/revisions\/39348"}],"wp:featuredmedia":[{"embeddable":true,"href":"https:\/\/vocesdebaires.com.ar\/index.php\/wp-json\/wp\/v2\/media\/39347"}],"wp:attachment":[{"href":"https:\/\/vocesdebaires.com.ar\/index.php\/wp-json\/wp\/v2\/media?parent=39346"}],"wp:term":[{"taxonomy":"category","embeddable":true,"href":"https:\/\/vocesdebaires.com.ar\/index.php\/wp-json\/wp\/v2\/categories?post=39346"},{"taxonomy":"post_tag","embeddable":true,"href":"https:\/\/vocesdebaires.com.ar\/index.php\/wp-json\/wp\/v2\/tags?post=39346"}],"curies":[{"name":"wp","href":"https:\/\/api.w.org\/{rel}","templated":true}]}}