{"id":3935,"date":"2019-10-14T03:05:40","date_gmt":"2019-10-14T06:05:40","guid":{"rendered":"http:\/\/vocesdebaires.com.ar\/wordpress\/index.php\/2019\/10\/14\/club-social-y-deportivo-franja-de-oro\/"},"modified":"2019-10-14T03:05:40","modified_gmt":"2019-10-14T06:05:40","slug":"club-social-y-deportivo-franja-de-oro","status":"publish","type":"post","link":"https:\/\/vocesdebaires.com.ar\/index.php\/2019\/10\/14\/club-social-y-deportivo-franja-de-oro\/","title":{"rendered":"Club Social y Deportivo Franja de Oro"},"content":{"rendered":"<p>El &quot;Club Social y Deportivo Franja de Oro&quot; que se encuentra en la avenida Amancio Alcorta N\u00b0 3.950\/60 y N\u00b0 4.007 &#8211; Comuna 4, fue declarado Sitio de Inter\u00e9s Cultural de la Ciudad de Buenos Aires y a tal efecto se descubrir\u00e1 una placa en la sede central de la instituci\u00f3n. El expediente iniciado por los\u00a0legisladores \u00a0Mar\u00eda Patricia Vischi y Marcelo Alejandro Guouman (Ev) tuvo despacho de la Comisi\u00f3n de Cultura.El 17 de enero de 1937 un grupo de adolescentes que se reun\u00edan en la esquina del barrio de Nueva Pompeya ubicada en Romero e Iriarte -actual Dr. Domingo Cabred- m\u00e1s precisamente en la puerta del almac\u00e9n de Don Antonio Gandulfo -quien con los a\u00f1os fuera presidente del Club-, decidieron formar un equipo de f\u00fatbol para participar en los campeonatos que se organizaban en el barrio y barriadas vecinas.<\/p>\n<p>Los fundadores de este equipo fueron Cesar Mezzapesa, Ra\u00fal &quot;El pesado&quot; P\u00e9rez y Pedro Colavequia.\u00c1ngela Romanazi de Mezzapesa, cedi\u00f3 su casa en el Pasaje Pelufo -hoy Arturo Beruti- 4.579 para realizar el primer baile y se hicieron en ese solar las primeras reuniones informales del Club que se fundar\u00eda m\u00e1s adelante. Se sum\u00f3 a este proyecto la familia de Demecio Figueredo, cuya amplia casa de Romero 956, sirvi\u00f3 para continuar con los ya afamados bailes sociales. El 5 de junio de 1940 se constituy\u00f3 formalmente el Club Social y Deportivo Franja de Oro y la primera sede se instal\u00f3 en la calle Iriarte 4681, en la &quot;sala&quot; de la casa de propiedad de la familia Mesa. La entidad actualmente cuenta con 3.000 socios entre activos, cadetes y vitalicios.<\/p>\n<p>Casa natal de Sierva de Dios<\/p>\n<p>El pasado \u00a0jueves fue declarada Sitio de Inter\u00e9s Cultural de la Ciudad Aut\u00f3noma de Buenos Aires la &quot;Galer\u00eda del Sol&quot;, sita en la calle Florida 860\/8 -Comuna 1- y se dispuso la colocaci\u00f3n de una placa con el texto: &quot;Aqu\u00ed naci\u00f3 la Sierva de Dios, Reverenda Hermana Martha Mar\u00eda Sara Clara del Sagrado Coraz\u00f3n Pereyra Iraola R.S.C.J.&quot;. Los\u00a0legisladores \u00a0Eduardo Antonio Santamarina, Claudio Gabriel Cingolani y L\u00eda Rueda (VJ). Martha Pereyra Iraola naci\u00f3 el 26 de agosto de 1913 en el hogar de Mart\u00edn Pereyra Iraola y Esther Ayerza.<\/p>\n<p>Fue sexta hija de diez hermanos. En 1922 hab\u00eda fallecido su madre y con veinte a\u00f1os de edad dej\u00f3 su casa en Florida 868 para vivir sus primeros a\u00f1os como religiosa primero en el colegio de Almagro y luego en el de Castelar donde fue maestra y, con el tiempo, ocup\u00f3 diversos cargos. A\u00f1os m\u00e1s tarde, con los cambios del Concilio Vaticano II, sali\u00f3 de la clausura, dej\u00f3 el h\u00e1bito, y parti\u00f3 a vivir entre los m\u00e1s pobres en barrios del Gran Buenos Aires y de otras provincias. Regres\u00f3 a Almagro, donde vivi\u00f3 sus \u00faltimos a\u00f1os. Luego de un largo camino de servicio falleci\u00f3 en la comunidad de Almagro el 25 de agosto de 1998.<br \/><a><\/a><\/p>\n","protected":false},"excerpt":{"rendered":"<p>El &quot;Club Social y Deportivo Franja de Oro&quot; que se encuentra en la avenida Amancio Alcorta N\u00b0 3.950\/60 y N\u00b0 4.007 &#8211; Comuna 4, fue declarado Sitio de Inter\u00e9s Cultural de la Ciudad de Buenos Aires y a tal efecto se descubrir\u00e1 una placa en la sede central de la instituci\u00f3n. El expediente iniciado por [&hellip;]<\/p>\n","protected":false},"author":1,"featured_media":3936,"comment_status":"open","ping_status":"open","sticky":false,"template":"","format":"standard","meta":{"_et_pb_use_builder":"","_et_pb_old_content":"","_et_gb_content_width":"","footnotes":""},"categories":[11,32],"tags":[],"class_list":["post-3935","post","type-post","status-publish","format-standard","has-post-thumbnail","hentry","category-ciudad","category-comunas"],"_links":{"self":[{"href":"https:\/\/vocesdebaires.com.ar\/index.php\/wp-json\/wp\/v2\/posts\/3935"}],"collection":[{"href":"https:\/\/vocesdebaires.com.ar\/index.php\/wp-json\/wp\/v2\/posts"}],"about":[{"href":"https:\/\/vocesdebaires.com.ar\/index.php\/wp-json\/wp\/v2\/types\/post"}],"author":[{"embeddable":true,"href":"https:\/\/vocesdebaires.com.ar\/index.php\/wp-json\/wp\/v2\/users\/1"}],"replies":[{"embeddable":true,"href":"https:\/\/vocesdebaires.com.ar\/index.php\/wp-json\/wp\/v2\/comments?post=3935"}],"version-history":[{"count":0,"href":"https:\/\/vocesdebaires.com.ar\/index.php\/wp-json\/wp\/v2\/posts\/3935\/revisions"}],"wp:featuredmedia":[{"embeddable":true,"href":"https:\/\/vocesdebaires.com.ar\/index.php\/wp-json\/wp\/v2\/media\/3936"}],"wp:attachment":[{"href":"https:\/\/vocesdebaires.com.ar\/index.php\/wp-json\/wp\/v2\/media?parent=3935"}],"wp:term":[{"taxonomy":"category","embeddable":true,"href":"https:\/\/vocesdebaires.com.ar\/index.php\/wp-json\/wp\/v2\/categories?post=3935"},{"taxonomy":"post_tag","embeddable":true,"href":"https:\/\/vocesdebaires.com.ar\/index.php\/wp-json\/wp\/v2\/tags?post=3935"}],"curies":[{"name":"wp","href":"https:\/\/api.w.org\/{rel}","templated":true}]}}