{"id":39362,"date":"2022-07-18T00:00:25","date_gmt":"2022-07-18T03:00:25","guid":{"rendered":"https:\/\/vocesdebaires.com.ar\/?p=39362"},"modified":"2022-07-17T19:47:29","modified_gmt":"2022-07-17T22:47:29","slug":"referentes-e-influencers-recuerdan-a-las-victimas-de-la-amia","status":"publish","type":"post","link":"https:\/\/vocesdebaires.com.ar\/index.php\/2022\/07\/18\/referentes-e-influencers-recuerdan-a-las-victimas-de-la-amia\/","title":{"rendered":"Referentes e influencers, recuerdan a las v\u00edctimas de la AMIA"},"content":{"rendered":"<p>Para rendir homenaje a las 85 personas asesinadas en la masacre a\u00fan impune contra la AMIA, la instituci\u00f3n difundi\u00f3 -en sus redes sociales- una nueva acci\u00f3n de recordaci\u00f3n que, con la participaci\u00f3n de numerosos referentes del medio art\u00edstico y cultural de nuestro pa\u00eds, insta a no olvidar a quienes perdieron la vida en el atentado terrorista, y a renovar y visibilizar el reclamo de justicia. La campa\u00f1a \u201cVidas truncadas\u201d, que se lanz\u00f3 en el marco de los 28 a\u00f1os del ataque que se cumplir\u00e1n este lunes 18 de julio, est\u00e1 integrada por videos que rescatan, una por una, las historias de las personas que murieron salvajemente como consecuencia de la explosi\u00f3n del coche bomba, que se estrell\u00f3 contra el edificio de Pasteur 633.<\/p>\n<p>Sue\u00f1os que no pudieron ser; gustos e intereses; familia y amistades; rutinas y proyectos, formas de ser, de vivir y habitar este mundo. Todo lo que fue destruido en el ataque perpetrado el lunes 18 de julio de 1994 queda condensado en cada historia que relatan, emotivamente, las personalidades convocadas por AMIA para esta nueva acci\u00f3n por la memoria y el permanente reclamo justicia. Mirando a c\u00e1mara y sosteniendo las pancartas con los rostros de las personas asesinadas, (los mismos carteles que se alzan en los actos presenciales de cada 18 de julio sobre la calle Pasteur), los referentes que participan de esta iniciativa ponen su voz para traer al hoy a cada una de las historias que no pudieron continuar.<\/p>\n<p>Los referentes que forman parte de esta nueva acci\u00f3n son Adri\u00e1n Suar, Alejandra Mart\u00ednez, Carlos Belloso, Federico D\u00b4El\u00eda, Guillermina Valdez, Isabel Macedo, Jean Pierre Noher, Leonor Benedetto, Federico Bal, Oscar Mart\u00ednez, Paola Krum, Ram\u00f3n Nolberto D\u00edaz, Rafael Spregelburd, Valentina Bassi, Romina Gaetani, Marcelo Tinelli, Carla Peterson, Tute, Dar\u00edo Sztajnszrajber, Stefi Roitman, Belu Lucius, Dalia Gutmann, Federico Cyrulnik, Andrea Pietra, Germ\u00e1n Paoloski, Juan Minuj\u00edn, Sebasti\u00e1n Wainraich, Carmen Barbieri, Soledad Silveyra, Paula Chaves, Malena Guinzburg, Diego Ramos, Laura Novoa, Peto Menahem, Martina Gusm\u00e1n, Eleonora Wexler, Marina Glezer, Gabriel Corrado, Mart\u00edn Seefeld, Graciela Borges, Nati J, Juan Marconi, Ver\u00f3nica Lozano, Bebe Contepomi, Mauricio Dayub, Alan Sabbagh, Merakio y Karen Barg, Pollo \u00c1lvarez, Maite Pistiner, Radagast, Dar\u00edo Barassi, Darian \u201cRulo\u201d Schijman, Connie Ansaldi, Maguie Bravi, Nicol\u00e1s Magaldi, Sof\u00eda Pachano, Julio Leiva, Guillermo Pfening, Georgina Barbarossa, C\u00e9sar Bord\u00f3n, Felipe Pigna, Viviana Saccone, Lalo Mir, Mercedes Mor\u00e1n, Lula Bertoldi, Mariana Fabbiani, Pi\u00f1\u00f3n Fijo, Mat\u00edas Martin, Andy Kusnetzoff, Mica V\u00e1zquez, Germ\u00e1n \u201cTripa\u201d Tripel, Gabriel Schultz, Griselda Siciliani, Keren Weinstein, y Antonio Birabent.<\/p>\n<p>\u201cSon 28 a\u00f1os de impunidad. No queremos nada menos que la verdad. No exigimos nada m\u00e1s que justicia\u201d, repiten las personalidades convocadas al final de cada pieza audiovisual. Luego de que en 2020 y 2021 el acto central se realiz\u00f3 en forma virtual por las restricciones sanitarias establecidas por la pandemia, este lunes 18 de julio se volver\u00e1 a desarrollar de manera presencial. Bajo la consigna \u201cVolvemos a Pasteur\u201d, se convoca a toda la sociedad a decir \u201cPresente\u201d, a partir de las 9:30 en Pasteur 633.<\/p>\n<p>Con la conducci\u00f3n de la periodista Gisela Busaniche, el acto tendr\u00e1 como principales oradores a Amos Linetzky, presidente de AMIA; Anita Weinstein, sobreviviente del atentado, y a tres familiares de v\u00edctimas fatales: Sof\u00eda Guterman, mam\u00e1 de Andrea; Jennifer Dub\u00edn, hija de Norberto; y Marina Degtiar, hermana de Cristian. \u201cConvocamos a toda la sociedad a que nos acompa\u00f1e este lunes, a partir de las 9:30, para poder volver a encontrarnos frente a la sede de Pasteur 633, y seguir la tradici\u00f3n de hacer o\u00edr nuestra voz juntos para exigir justicia y castigo a los culpables y responsables del atentado\u201d, expres\u00f3 Amos Linetzky, presidente de AMIA.<\/p>\n","protected":false},"excerpt":{"rendered":"<p>Para rendir homenaje a las 85 personas asesinadas en la masacre a\u00fan impune contra la AMIA, la instituci\u00f3n difundi\u00f3 -en sus redes sociales- una nueva acci\u00f3n de recordaci\u00f3n que, con la participaci\u00f3n de numerosos referentes del medio art\u00edstico y cultural de nuestro pa\u00eds, insta a no olvidar a quienes perdieron la vida en el atentado [&hellip;]<\/p>\n","protected":false},"author":3,"featured_media":39363,"comment_status":"open","ping_status":"open","sticky":false,"template":"","format":"standard","meta":{"_et_pb_use_builder":"","_et_pb_old_content":"","_et_gb_content_width":"","footnotes":""},"categories":[11,33],"tags":[],"class_list":["post-39362","post","type-post","status-publish","format-standard","has-post-thumbnail","hentry","category-ciudad","category-sociedad-y-cultura-2"],"_links":{"self":[{"href":"https:\/\/vocesdebaires.com.ar\/index.php\/wp-json\/wp\/v2\/posts\/39362"}],"collection":[{"href":"https:\/\/vocesdebaires.com.ar\/index.php\/wp-json\/wp\/v2\/posts"}],"about":[{"href":"https:\/\/vocesdebaires.com.ar\/index.php\/wp-json\/wp\/v2\/types\/post"}],"author":[{"embeddable":true,"href":"https:\/\/vocesdebaires.com.ar\/index.php\/wp-json\/wp\/v2\/users\/3"}],"replies":[{"embeddable":true,"href":"https:\/\/vocesdebaires.com.ar\/index.php\/wp-json\/wp\/v2\/comments?post=39362"}],"version-history":[{"count":1,"href":"https:\/\/vocesdebaires.com.ar\/index.php\/wp-json\/wp\/v2\/posts\/39362\/revisions"}],"predecessor-version":[{"id":39364,"href":"https:\/\/vocesdebaires.com.ar\/index.php\/wp-json\/wp\/v2\/posts\/39362\/revisions\/39364"}],"wp:featuredmedia":[{"embeddable":true,"href":"https:\/\/vocesdebaires.com.ar\/index.php\/wp-json\/wp\/v2\/media\/39363"}],"wp:attachment":[{"href":"https:\/\/vocesdebaires.com.ar\/index.php\/wp-json\/wp\/v2\/media?parent=39362"}],"wp:term":[{"taxonomy":"category","embeddable":true,"href":"https:\/\/vocesdebaires.com.ar\/index.php\/wp-json\/wp\/v2\/categories?post=39362"},{"taxonomy":"post_tag","embeddable":true,"href":"https:\/\/vocesdebaires.com.ar\/index.php\/wp-json\/wp\/v2\/tags?post=39362"}],"curies":[{"name":"wp","href":"https:\/\/api.w.org\/{rel}","templated":true}]}}