{"id":39368,"date":"2022-07-18T00:00:24","date_gmt":"2022-07-18T03:00:24","guid":{"rendered":"https:\/\/vocesdebaires.com.ar\/?p=39368"},"modified":"2022-07-17T19:59:50","modified_gmt":"2022-07-17T22:59:50","slug":"vacaciones-de-invierno-actividades-para-chicos-con-bomberos-y-los-perros","status":"publish","type":"post","link":"https:\/\/vocesdebaires.com.ar\/index.php\/2022\/07\/18\/vacaciones-de-invierno-actividades-para-chicos-con-bomberos-y-los-perros\/","title":{"rendered":"Vacaciones de Invierno: Actividades para chicos con Bomberos y los perros"},"content":{"rendered":"<p>Todo esto ser\u00e1 acompa\u00f1ado por un despliegue especial de los Agentes de Prevenci\u00f3n, Agentes de Tr\u00e1nsito de Seguridad y la Polic\u00eda de la Ciudad en las zonas de mayor afluencia de turistas, zona de teatros y en las colonias de invierno.Esto ser\u00e1 complementado con el respaldo permanente de los Centro de Monitoreo Urbanos.Los Agentes de Prevenci\u00f3n ser\u00e1n desplazados durante las dos semanas de Vacaciones de Invierno a diferentes destinos para garantizar el orden p\u00fablico y brindarles asistencia a los turistas y vecinos que participen del amplio abanico de actividades que habr\u00e1 en la Ciudad de Buenos Aires.<\/p>\n<p>A partir de hoy lunes, alrededor de 370 agentes recorrer\u00e1n de 8 a 20 horas centros comerciales, escuelas de invierno, vacunatorios y senderos tur\u00edsticos en estrat\u00e9gicos puntos de las 15 Comunas.Por su parte la Polic\u00eda de la Ciudad, reforz\u00f3 el despliegue habitual sobre grandes avenidas: Santa Fe, Corrientes, C\u00f3rdoba, Del Libertador y en las zonas de hoteles de 4 y 5 estrellas. Esta cobertura se vera reforzada con los 454 nuevos oficiales de la polic\u00eda que ser\u00e1n asignados a fortalecer el despliegue en zonas tur\u00edsticas, comerciales y de alto tr\u00e1nsito.<br \/>\nAdem\u00e1s se realizar\u00e1 un operativo especial de 12 a 20 horas en centros de transbordo de Once, Retiro y Constituci\u00f3n y en las estaciones de Subtes.<\/p>\n<p><strong>Actividades Recreativas:<\/strong><br \/>\nDurante el receso invernal se realizar\u00e1n diferentes actividades con la participaci\u00f3n de la Polic\u00eda de la Ciudad, Bomberos de la Ciudad y Defensa Civil, con el objetivo mostrar a los vecinos a los diferentes participantes del Sistema Integral de Seguridad P\u00fablica. Los cupos ser\u00e1n limitados y se deber\u00e1n reservar los lugares llamando al 6145-0698 o al 3634-0849, o mediante la p\u00e1gina web del Ministerio de Justicia y Seguridad.<\/p>\n<p><strong>Programa de actividades:<\/strong><br \/>\nMartes 19 de julio, a las 15, en la Comuna 1: \u201c911 para Ni\u00f1os\u201d, en Hornos 238. Los chicos aprender\u00e1n la manera de comunicarse con la Polic\u00eda en emergencia y recibir\u00e1n consejos<br \/>\nMi\u00e9rcoles 20 de julio, a las 15, en la Comuna 2: \u201cBomberos por un d\u00eda\u201d, en Cuartel IV (Laprida 1735).<br \/>\nJueves 21 de julio, a las 15, en la Comuna 8: \u201cEscuadra Fiel\u201d, los caninos mostrar\u00e1n sus destrezas Instituto Superior de Seguridad P\u00fablica (ISSP), en la avenida Santiago de Compostela 3801.<br \/>\nViernes 22 de julio, a las 15, en la Comuna 8: \u201cBrigada Blanca\u201d, motos y acrobacias. En el Instituto Superior de Seguridad P\u00fablica (ISSP), en la avenida Santiago de Compostela 3801.<br \/>\nMartes 26 de julio, a las 15, en la Comuna 8: \u201cK9\u201d, con los perros entrenados que ayudan a los polic\u00edas y bomberos en los procedimientos. En Itaqu\u00ed 2604.<br \/>\nMi\u00e9rcoles 27 de julio, a las 15, en la Comuna 3: \u201cMotorizada\u201d, medidas de prevenci\u00f3n vial. En avenida Belgrano 3106.<br \/>\nJueves 28 de julio, a las 15, en la Comuna 1: \u201c911 para Ni\u00f1os\u201d. En Hornos 238.<br \/>\nViernes 29 de julio, a las 15, en la Comuna 2: \u201cBomberos por un d\u00eda\u201d. En Cuartel IV (Laprida 1735).<\/p>\n<p>Para inscribirse, ya que los cupos ser\u00e1n limitados, los interesados pueden ingresar al sitio https:\/\/www.buenosaires.gob.ar\/justiciayseguridad\/vacaciones-de-invierno-en-el-ministerio-de-justicia-y-seguridad y all\u00ed llenar la planilla de inscripci\u00f3n para el evento seleccionado.<\/p>\n","protected":false},"excerpt":{"rendered":"<p>Todo esto ser\u00e1 acompa\u00f1ado por un despliegue especial de los Agentes de Prevenci\u00f3n, Agentes de Tr\u00e1nsito de Seguridad y la Polic\u00eda de la Ciudad en las zonas de mayor afluencia de turistas, zona de teatros y en las colonias de invierno.Esto ser\u00e1 complementado con el respaldo permanente de los Centro de Monitoreo Urbanos.Los Agentes de [&hellip;]<\/p>\n","protected":false},"author":3,"featured_media":39369,"comment_status":"open","ping_status":"open","sticky":false,"template":"","format":"standard","meta":{"_et_pb_use_builder":"","_et_pb_old_content":"","_et_gb_content_width":"","footnotes":""},"categories":[11,33],"tags":[],"class_list":["post-39368","post","type-post","status-publish","format-standard","has-post-thumbnail","hentry","category-ciudad","category-sociedad-y-cultura-2"],"_links":{"self":[{"href":"https:\/\/vocesdebaires.com.ar\/index.php\/wp-json\/wp\/v2\/posts\/39368"}],"collection":[{"href":"https:\/\/vocesdebaires.com.ar\/index.php\/wp-json\/wp\/v2\/posts"}],"about":[{"href":"https:\/\/vocesdebaires.com.ar\/index.php\/wp-json\/wp\/v2\/types\/post"}],"author":[{"embeddable":true,"href":"https:\/\/vocesdebaires.com.ar\/index.php\/wp-json\/wp\/v2\/users\/3"}],"replies":[{"embeddable":true,"href":"https:\/\/vocesdebaires.com.ar\/index.php\/wp-json\/wp\/v2\/comments?post=39368"}],"version-history":[{"count":1,"href":"https:\/\/vocesdebaires.com.ar\/index.php\/wp-json\/wp\/v2\/posts\/39368\/revisions"}],"predecessor-version":[{"id":39370,"href":"https:\/\/vocesdebaires.com.ar\/index.php\/wp-json\/wp\/v2\/posts\/39368\/revisions\/39370"}],"wp:featuredmedia":[{"embeddable":true,"href":"https:\/\/vocesdebaires.com.ar\/index.php\/wp-json\/wp\/v2\/media\/39369"}],"wp:attachment":[{"href":"https:\/\/vocesdebaires.com.ar\/index.php\/wp-json\/wp\/v2\/media?parent=39368"}],"wp:term":[{"taxonomy":"category","embeddable":true,"href":"https:\/\/vocesdebaires.com.ar\/index.php\/wp-json\/wp\/v2\/categories?post=39368"},{"taxonomy":"post_tag","embeddable":true,"href":"https:\/\/vocesdebaires.com.ar\/index.php\/wp-json\/wp\/v2\/tags?post=39368"}],"curies":[{"name":"wp","href":"https:\/\/api.w.org\/{rel}","templated":true}]}}