{"id":3937,"date":"2019-10-11T03:19:59","date_gmt":"2019-10-11T06:19:59","guid":{"rendered":"http:\/\/vocesdebaires.com.ar\/wordpress\/index.php\/2019\/10\/11\/distinguen-al-mural-el-regreso-de-quinquela\/"},"modified":"2019-10-11T03:19:59","modified_gmt":"2019-10-11T06:19:59","slug":"distinguen-al-mural-el-regreso-de-quinquela","status":"publish","type":"post","link":"https:\/\/vocesdebaires.com.ar\/index.php\/2019\/10\/11\/distinguen-al-mural-el-regreso-de-quinquela\/","title":{"rendered":"Distinguen al mural El Regreso de Quinquela"},"content":{"rendered":"<p>El mural situado en la Comuna 4 titulado &quot;El Regreso de Quinquela&quot; y que a fines del a\u00f1o 2014 superara al m\u00e1s grande del mundo en la categor\u00eda \u201cHecho por un solo pintor\u201d, este jueves result\u00f3 declarado de Inter\u00e9s Cultural de la Ciudad Aut\u00f3noma de Buenos Aires. Originalmente encargado por el Gobierno porte\u00f1o al artista Alfredo Segatori, fue inaugurado en octubre del a\u00f1o 2013 como parte del plan de recuperaci\u00f3n y puesta en valor del Camino de Sirga de la Cuenca Matanza-Riachuelo. Se encuentra sobre la calle Lavadero -continuaci\u00f3n de la avenida Pedro de Mendoza- y San Antonio en Barracas.<\/p>\n<p>Realizado con aerosol a mano alzada sobre una medianera de cien metros de largo por trece de alto que en 2014 alcanz\u00f3 2.000 m2 de superficie, es el mural m\u00e1s grande de la Argentina y contin\u00faa expandi\u00e9ndose.En un principio era un retrato de Quinquela Mart\u00edn pintando un cuadro plasmado en una pared lateral, pero luego el artista termin\u00f3 ocupando una franja de 700 metros cuadrados donde reprodujo cuatro obras del gran maestro del arte argentino y m\u00e1s de 70 retratos de vecinos y trabajadores de las f\u00e1bricas que se encuentran en el entorno. Empresas de la zona lo ayudaron aport\u00e1ndole materiales e infraestructura como gr\u00faas y andamios.<\/p>\n<p>Quinquela en blanco y negro se funde, en un collage de fondo, con algunas de sus obras fundamentales que mejor reflejan la vida del puerto de Buenos Aires. Se ven, entre otras, \u201cBarco hundido\u201d y \u201cHombres trabajando\u201d y tambi\u00e9n un mascar\u00f3n de proa.&quot;La obra en el paisaje urbano dio lugar a la fusi\u00f3n entre la vida cotidiana y el arte. El mural genera nuevos v\u00ednculos entre los vecinos y es atractivo tur\u00edstico del barrio&quot; sostuvo la Comisi\u00f3n de Cultura entre los argumentos que present\u00f3. El expediente parlamentario fue iniciado por los diputados Jorge Apreda y Omar Abboud (VJ).<\/p>\n","protected":false},"excerpt":{"rendered":"<p>El mural situado en la Comuna 4 titulado &quot;El Regreso de Quinquela&quot; y que a fines del a\u00f1o 2014 superara al m\u00e1s grande del mundo en la categor\u00eda \u201cHecho por un solo pintor\u201d, este jueves result\u00f3 declarado de Inter\u00e9s Cultural de la Ciudad Aut\u00f3noma de Buenos Aires. Originalmente encargado por el Gobierno porte\u00f1o al artista [&hellip;]<\/p>\n","protected":false},"author":1,"featured_media":3938,"comment_status":"open","ping_status":"open","sticky":false,"template":"","format":"standard","meta":{"_et_pb_use_builder":"","_et_pb_old_content":"","_et_gb_content_width":"","footnotes":""},"categories":[11,32],"tags":[],"class_list":["post-3937","post","type-post","status-publish","format-standard","has-post-thumbnail","hentry","category-ciudad","category-comunas"],"_links":{"self":[{"href":"https:\/\/vocesdebaires.com.ar\/index.php\/wp-json\/wp\/v2\/posts\/3937"}],"collection":[{"href":"https:\/\/vocesdebaires.com.ar\/index.php\/wp-json\/wp\/v2\/posts"}],"about":[{"href":"https:\/\/vocesdebaires.com.ar\/index.php\/wp-json\/wp\/v2\/types\/post"}],"author":[{"embeddable":true,"href":"https:\/\/vocesdebaires.com.ar\/index.php\/wp-json\/wp\/v2\/users\/1"}],"replies":[{"embeddable":true,"href":"https:\/\/vocesdebaires.com.ar\/index.php\/wp-json\/wp\/v2\/comments?post=3937"}],"version-history":[{"count":0,"href":"https:\/\/vocesdebaires.com.ar\/index.php\/wp-json\/wp\/v2\/posts\/3937\/revisions"}],"wp:featuredmedia":[{"embeddable":true,"href":"https:\/\/vocesdebaires.com.ar\/index.php\/wp-json\/wp\/v2\/media\/3938"}],"wp:attachment":[{"href":"https:\/\/vocesdebaires.com.ar\/index.php\/wp-json\/wp\/v2\/media?parent=3937"}],"wp:term":[{"taxonomy":"category","embeddable":true,"href":"https:\/\/vocesdebaires.com.ar\/index.php\/wp-json\/wp\/v2\/categories?post=3937"},{"taxonomy":"post_tag","embeddable":true,"href":"https:\/\/vocesdebaires.com.ar\/index.php\/wp-json\/wp\/v2\/tags?post=3937"}],"curies":[{"name":"wp","href":"https:\/\/api.w.org\/{rel}","templated":true}]}}