{"id":39373,"date":"2022-07-18T00:00:47","date_gmt":"2022-07-18T03:00:47","guid":{"rendered":"https:\/\/vocesdebaires.com.ar\/?p=39373"},"modified":"2022-07-17T20:08:22","modified_gmt":"2022-07-17T23:08:22","slug":"nuevo-sitio-de-amia-recuerda-a-las-victimas-fatales-del-atentado","status":"publish","type":"post","link":"https:\/\/vocesdebaires.com.ar\/index.php\/2022\/07\/18\/nuevo-sitio-de-amia-recuerda-a-las-victimas-fatales-del-atentado\/","title":{"rendered":"Nuevo sitio de AMIA recuerda a las v\u00edctimas fatales del atentado"},"content":{"rendered":"<p>En el marco del 28\u00b0 aniversario del atentado terrorista contra la sede de la instituci\u00f3n, AMIA lanz\u00f3 un nuevo sitio web que honra y recuerda a cada una de las 85 v\u00edctimas fatales de la masacre perpetrada el 18 de julio de 1994. Quienes recorran la plataforma http:\/\/85ausencias.amia.org.ar\/, podr\u00e1n encontrar las fotos de cada una de las personas que perdieron la vida en el ataque, y acceder a un video que contiene el testimonio y el relato directo de sus familiares. A trav\u00e9s de sus palabras y sus recuerdos, se logra traer al presente la historia personal de cada una de las v\u00edctimas fatales, compartir los sue\u00f1os y los proyectos que el atentado dej\u00f3 truncos para siempre, e imaginar tambi\u00e9n c\u00f3mo ser\u00edan sus vidas hoy si la explosi\u00f3n de la bomba contra el edificio de Pasteur 633 no hubiera ocurrido.<\/p>\n<p>El lanzamiento del nuevo sitio web forma parte de las diferentes iniciativas que, cada a\u00f1o, la instituci\u00f3n produce y difunde para mantener viva la memoria, renovar el pedido de justicia y denunciar la impunidad vigente a\u00fan en la causa. Para evitar que el olvido gane la batalla, y contar con nuevos medios que permitan recordar y rendir homenaje a quienes ya no est\u00e1n, el nuevo sitio web procura ser tambi\u00e9n una fuente de consulta permanente para las nuevas generaciones, para que puedan conocer a trav\u00e9s de testimonios directos, las 85 vidas que el accionar terrorista destruy\u00f3.<\/p>\n<p><strong>Ellas son:<\/strong> Silvana Alguea de Rodr\u00edguez, Jorge Ant\u00fanez , Mois\u00e9s Gabriel Arazi , Carlos Avenda\u00f1o Bobadilla, Yanina Muriel Averbuch, Naum Band, Sebasti\u00e1n Barreiros, David Barriga, Hugo Norberto Basiglio, Rebeca Violeta Behar de Jur\u00edn, Dora Belgorosky, Favio Enrique Berm\u00fadez, Romina Ambar, Luj\u00e1n Bolan, Emiliano Gast\u00f3n Brikman, Gabriel Buttini, Viviana Adela Casab\u00e9, Paola Sara Czyzewski, Jacobo Chemauel, Cristian Adri\u00e1n Degtiar, Diego De Pirro, Ram\u00f3n Nolberto D\u00edaz, Norberto Ariel Dubin, Faiwel Dyjament, M\u00f3nica Feldman de Goldfeler, Alberto Fern\u00e1ndez, Mart\u00edn Figueroa, Ingrid Finkelchtein, Leonor Gutman de Finkelchtein, Fabi\u00e1n Marcelo Furman, Guillermo Benigno Galarraga, Erwin Garc\u00eda Tenorio, Jos\u00e9 Enrique Ginsberg (Kuky), Cynthia Ver\u00f3nica Goldenberg, Andrea Judith Guterman, Silvia Leonor Hersalis, Carlos Hil\u00fa, Emilia Jakubiec de Lewczuk, Mar\u00eda Luisa Jaworski, Mar\u00eda Lourdes Jes\u00fas, Augusto Daniel Jes\u00fas, Anal\u00eda Ver\u00f3nica Josch, Carla Andrea Josch, Elena Sof\u00eda Kastika, Esther Klin, Le\u00f3n Gregorio Knorpel, Berta Kozuk de Losz, Luis Fernando Kupchik, Agust\u00edn Diego Lew, Andr\u00e9s Gustavo Malamud, Gregorio Melman, Ileana Mercovich, Na\u00f3n Bernardo Mirochnik (Buby), M\u00f3nica Nudel, El\u00edas Alberto Palti, Germ\u00e1n Parsons, Rosita Perelmutter, Fernando Roberto P\u00e9rez, Abraham Jaime Plaksin, Silvia In\u00e9s Portnoy, Olegario Ram\u00edrez, Noem\u00ed Graciela Reisfeld, F\u00e9lix Roberto Roisman, Marisa Raquel Said, Ricardo Said Rimar, Salazar Mendoza, Fabi\u00e1n Schalit, Pablo Schalit, Mauricio Ciber, N\u00e9stor Am\u00e9rico Serena, Mirta Strier, Liliana Edith Szwimer, Naum Javier Tenenbaum, Juan Carlos Terranova, Emilia Graciela Berelejis de Toer, Mariela Toer, Marta Treibman, \u00c1ngel Claudio Ubfal, Eugenio Vela Ramos, Juan Vela Ramos, Gustavo Daniel Vel\u00e1zquez, Isabel Victoria N\u00fa\u00f1ez de Vel\u00e1zquez, Danilo Villaverde, Julia Susana Wolframio de Kreiman (Susy), Rita Worona y Adehemar Z\u00e1rate Loayza.<\/p>\n","protected":false},"excerpt":{"rendered":"<p>En el marco del 28\u00b0 aniversario del atentado terrorista contra la sede de la instituci\u00f3n, AMIA lanz\u00f3 un nuevo sitio web que honra y recuerda a cada una de las 85 v\u00edctimas fatales de la masacre perpetrada el 18 de julio de 1994. Quienes recorran la plataforma http:\/\/85ausencias.amia.org.ar\/, podr\u00e1n encontrar las fotos de cada una [&hellip;]<\/p>\n","protected":false},"author":2,"featured_media":39374,"comment_status":"open","ping_status":"open","sticky":false,"template":"","format":"standard","meta":{"_et_pb_use_builder":"","_et_pb_old_content":"","_et_gb_content_width":"","footnotes":""},"categories":[11,33],"tags":[],"class_list":["post-39373","post","type-post","status-publish","format-standard","has-post-thumbnail","hentry","category-ciudad","category-sociedad-y-cultura-2"],"_links":{"self":[{"href":"https:\/\/vocesdebaires.com.ar\/index.php\/wp-json\/wp\/v2\/posts\/39373"}],"collection":[{"href":"https:\/\/vocesdebaires.com.ar\/index.php\/wp-json\/wp\/v2\/posts"}],"about":[{"href":"https:\/\/vocesdebaires.com.ar\/index.php\/wp-json\/wp\/v2\/types\/post"}],"author":[{"embeddable":true,"href":"https:\/\/vocesdebaires.com.ar\/index.php\/wp-json\/wp\/v2\/users\/2"}],"replies":[{"embeddable":true,"href":"https:\/\/vocesdebaires.com.ar\/index.php\/wp-json\/wp\/v2\/comments?post=39373"}],"version-history":[{"count":1,"href":"https:\/\/vocesdebaires.com.ar\/index.php\/wp-json\/wp\/v2\/posts\/39373\/revisions"}],"predecessor-version":[{"id":39375,"href":"https:\/\/vocesdebaires.com.ar\/index.php\/wp-json\/wp\/v2\/posts\/39373\/revisions\/39375"}],"wp:featuredmedia":[{"embeddable":true,"href":"https:\/\/vocesdebaires.com.ar\/index.php\/wp-json\/wp\/v2\/media\/39374"}],"wp:attachment":[{"href":"https:\/\/vocesdebaires.com.ar\/index.php\/wp-json\/wp\/v2\/media?parent=39373"}],"wp:term":[{"taxonomy":"category","embeddable":true,"href":"https:\/\/vocesdebaires.com.ar\/index.php\/wp-json\/wp\/v2\/categories?post=39373"},{"taxonomy":"post_tag","embeddable":true,"href":"https:\/\/vocesdebaires.com.ar\/index.php\/wp-json\/wp\/v2\/tags?post=39373"}],"curies":[{"name":"wp","href":"https:\/\/api.w.org\/{rel}","templated":true}]}}