{"id":39376,"date":"2022-07-18T00:00:38","date_gmt":"2022-07-18T03:00:38","guid":{"rendered":"https:\/\/vocesdebaires.com.ar\/?p=39376"},"modified":"2022-07-17T20:11:31","modified_gmt":"2022-07-17T23:11:31","slug":"la-legislatura-distinguio-el-mural-de-la-escuela-tecnica-fernando-fader","status":"publish","type":"post","link":"https:\/\/vocesdebaires.com.ar\/index.php\/2022\/07\/18\/la-legislatura-distinguio-el-mural-de-la-escuela-tecnica-fernando-fader\/","title":{"rendered":"La Legislatura distingui\u00f3 el mural de la Escuela T\u00e9cnica Fernando Fader"},"content":{"rendered":"<p>El cuerpo parlamentario reconoci\u00f3 el pasado viernes el trabajo art\u00edstico realizado por alumnos.La Legislatura de la Ciudad declar\u00f3 de Inter\u00e9s Cultural el mural efectuado por la comunidad educativa de la Escuela T\u00e9cnica N\u00b06 \u201cFernando Fader\u201d situada en Pasaje La Porte\u00f1a 54 del barrio de Flores &#8211; Comuna 7. En el acto celebrado en el Sal\u00f3n Dorado del edificio de Per\u00fa 160, la legisladora e impulsora de la iniciativa Claudia Neira (FdT) entreg\u00f3 el diploma al rector Alejandro Vetere, alumnos y directivos del establecimiento.<\/p>\n<p><strong>Sobre la distinci\u00f3n, la diputada declar\u00f3:<\/strong> \u201cEsto trata de generar los reconocimientos para todo este valor cultural que se genera y que ustedes los estudiantes le aportan a la comunidad. Se integran al barrio, nosotros los integramos dentro de la ciudad y vamos construyendo una cultura de todos y de todas\u201c. En el mural realizado por estudiantes de la instituci\u00f3n se destacan elementos que resaltan el valor patrimonial de la escuela como las flores del \u00e1rbol de magnolia que est\u00e1 en el patio, el aljibe, la casona y la estatua del perro. Para su concreci\u00f3n, se incluyeron herramientas compositivas obtenidas dentro del propio colegio.<\/p>\n","protected":false},"excerpt":{"rendered":"<p>El cuerpo parlamentario reconoci\u00f3 el pasado viernes el trabajo art\u00edstico realizado por alumnos.La Legislatura de la Ciudad declar\u00f3 de Inter\u00e9s Cultural el mural efectuado por la comunidad educativa de la Escuela T\u00e9cnica N\u00b06 \u201cFernando Fader\u201d situada en Pasaje La Porte\u00f1a 54 del barrio de Flores &#8211; Comuna 7. En el acto celebrado en el Sal\u00f3n [&hellip;]<\/p>\n","protected":false},"author":2,"featured_media":39377,"comment_status":"open","ping_status":"open","sticky":false,"template":"","format":"standard","meta":{"_et_pb_use_builder":"","_et_pb_old_content":"","_et_gb_content_width":"","footnotes":""},"categories":[11,33],"tags":[],"class_list":["post-39376","post","type-post","status-publish","format-standard","has-post-thumbnail","hentry","category-ciudad","category-sociedad-y-cultura-2"],"_links":{"self":[{"href":"https:\/\/vocesdebaires.com.ar\/index.php\/wp-json\/wp\/v2\/posts\/39376"}],"collection":[{"href":"https:\/\/vocesdebaires.com.ar\/index.php\/wp-json\/wp\/v2\/posts"}],"about":[{"href":"https:\/\/vocesdebaires.com.ar\/index.php\/wp-json\/wp\/v2\/types\/post"}],"author":[{"embeddable":true,"href":"https:\/\/vocesdebaires.com.ar\/index.php\/wp-json\/wp\/v2\/users\/2"}],"replies":[{"embeddable":true,"href":"https:\/\/vocesdebaires.com.ar\/index.php\/wp-json\/wp\/v2\/comments?post=39376"}],"version-history":[{"count":1,"href":"https:\/\/vocesdebaires.com.ar\/index.php\/wp-json\/wp\/v2\/posts\/39376\/revisions"}],"predecessor-version":[{"id":39378,"href":"https:\/\/vocesdebaires.com.ar\/index.php\/wp-json\/wp\/v2\/posts\/39376\/revisions\/39378"}],"wp:featuredmedia":[{"embeddable":true,"href":"https:\/\/vocesdebaires.com.ar\/index.php\/wp-json\/wp\/v2\/media\/39377"}],"wp:attachment":[{"href":"https:\/\/vocesdebaires.com.ar\/index.php\/wp-json\/wp\/v2\/media?parent=39376"}],"wp:term":[{"taxonomy":"category","embeddable":true,"href":"https:\/\/vocesdebaires.com.ar\/index.php\/wp-json\/wp\/v2\/categories?post=39376"},{"taxonomy":"post_tag","embeddable":true,"href":"https:\/\/vocesdebaires.com.ar\/index.php\/wp-json\/wp\/v2\/tags?post=39376"}],"curies":[{"name":"wp","href":"https:\/\/api.w.org\/{rel}","templated":true}]}}