{"id":39379,"date":"2022-07-18T00:00:45","date_gmt":"2022-07-18T03:00:45","guid":{"rendered":"https:\/\/vocesdebaires.com.ar\/?p=39379"},"modified":"2022-07-17T20:14:22","modified_gmt":"2022-07-17T23:14:22","slug":"legisladora-montenegro-presento-el-libro-que-narra-su-vida","status":"publish","type":"post","link":"https:\/\/vocesdebaires.com.ar\/index.php\/2022\/07\/18\/legisladora-montenegro-presento-el-libro-que-narra-su-vida\/","title":{"rendered":"Legisladora Montenegro present\u00f3 el libro que narra su vida"},"content":{"rendered":"<p>Victoria Montenegro legisladora porte\u00f1a present\u00f3 su libro \u201cHasta ser Victoria\u201d en la embajada argentina en la ciudad de La Haya, en Pa\u00edses Bajos.La obra recorre la historia de su apropiaci\u00f3n y la posterior recuperaci\u00f3n de su identidad gracias a la b\u00fasqueda de las Abuelas de Plaza de Mayo.La presentaci\u00f3n la comparti\u00f3 con el rabino Abraham Soetendorp, sobreviviente de la Shoa. Estuvieron presentes el embajador argentino Mario Oyarz\u00e1bal, el Director Ejecutivo del Museo Casa Ana Frank Ronald Leopold, y el director del Centro Ana Frank Argentina para Am\u00e9rica Latina H\u00e9ctor Shalom.<\/p>\n<p>Durante el evento, Montenegro detall\u00f3 c\u00f3mo fue el proceso de recuperaci\u00f3n de su identidad y el rol fundamental que tuvieron las Abuelas de Plaza de Mayo.Luego de la presentaci\u00f3n comparti\u00f3 un acto en la residencia del embajador junto referentes de los derechos humanos europeos y sobrevivientes del Holocausto. La presidenta de la Comisi\u00f3n de Derechos Humanos, Garant\u00edas y Antidiscrimaci\u00f3n de la Legislatura porte\u00f1a est\u00e1 llevando adelante una serie de actividades vinculadas a la defensa de los derechos humanos y la prevenci\u00f3n de genocidios en Pa\u00edses Bajos y Alemania convocada por el Centro Ana Frank Argentina para Am\u00e9rica Latina.<\/p>\n<p>La diputada es parte de una amplia comitiva latinoamericana integrada por legisladores, funcionarios y educadores y que lleva adelante una intensa agenda de actividades. Uno de los momentos m\u00e1s importantes ser\u00e1 el 21 y 22 de julio. Ese d\u00eda Victoria Montenegro mantendr\u00e1 un di\u00e1logo con sobrevivientes de la Shoa y sus descendientes, familiares de genocidas nazis y familiares de dictadores latinoamericanos que repudian los actos de los perpetradores. Ser\u00e1 en la Casa de la Conferencia de Wannsee, en Berl\u00edn, donde hace 80 a\u00f1os se firm\u00f3 la \u201cSoluci\u00f3n Final\u00bb.<\/p>\n","protected":false},"excerpt":{"rendered":"<p>Victoria Montenegro legisladora porte\u00f1a present\u00f3 su libro \u201cHasta ser Victoria\u201d en la embajada argentina en la ciudad de La Haya, en Pa\u00edses Bajos.La obra recorre la historia de su apropiaci\u00f3n y la posterior recuperaci\u00f3n de su identidad gracias a la b\u00fasqueda de las Abuelas de Plaza de Mayo.La presentaci\u00f3n la comparti\u00f3 con el rabino Abraham [&hellip;]<\/p>\n","protected":false},"author":2,"featured_media":39380,"comment_status":"open","ping_status":"open","sticky":false,"template":"","format":"standard","meta":{"_et_pb_use_builder":"","_et_pb_old_content":"","_et_gb_content_width":"","footnotes":""},"categories":[11,33],"tags":[],"class_list":["post-39379","post","type-post","status-publish","format-standard","has-post-thumbnail","hentry","category-ciudad","category-sociedad-y-cultura-2"],"_links":{"self":[{"href":"https:\/\/vocesdebaires.com.ar\/index.php\/wp-json\/wp\/v2\/posts\/39379"}],"collection":[{"href":"https:\/\/vocesdebaires.com.ar\/index.php\/wp-json\/wp\/v2\/posts"}],"about":[{"href":"https:\/\/vocesdebaires.com.ar\/index.php\/wp-json\/wp\/v2\/types\/post"}],"author":[{"embeddable":true,"href":"https:\/\/vocesdebaires.com.ar\/index.php\/wp-json\/wp\/v2\/users\/2"}],"replies":[{"embeddable":true,"href":"https:\/\/vocesdebaires.com.ar\/index.php\/wp-json\/wp\/v2\/comments?post=39379"}],"version-history":[{"count":1,"href":"https:\/\/vocesdebaires.com.ar\/index.php\/wp-json\/wp\/v2\/posts\/39379\/revisions"}],"predecessor-version":[{"id":39381,"href":"https:\/\/vocesdebaires.com.ar\/index.php\/wp-json\/wp\/v2\/posts\/39379\/revisions\/39381"}],"wp:featuredmedia":[{"embeddable":true,"href":"https:\/\/vocesdebaires.com.ar\/index.php\/wp-json\/wp\/v2\/media\/39380"}],"wp:attachment":[{"href":"https:\/\/vocesdebaires.com.ar\/index.php\/wp-json\/wp\/v2\/media?parent=39379"}],"wp:term":[{"taxonomy":"category","embeddable":true,"href":"https:\/\/vocesdebaires.com.ar\/index.php\/wp-json\/wp\/v2\/categories?post=39379"},{"taxonomy":"post_tag","embeddable":true,"href":"https:\/\/vocesdebaires.com.ar\/index.php\/wp-json\/wp\/v2\/tags?post=39379"}],"curies":[{"name":"wp","href":"https:\/\/api.w.org\/{rel}","templated":true}]}}