{"id":39385,"date":"2022-07-18T00:00:48","date_gmt":"2022-07-18T03:00:48","guid":{"rendered":"https:\/\/vocesdebaires.com.ar\/?p=39385"},"modified":"2022-07-17T20:21:38","modified_gmt":"2022-07-17T23:21:38","slug":"ciudadla-fundacion-el-libro-dio-a-conocer-los-premios-pregonero-2022","status":"publish","type":"post","link":"https:\/\/vocesdebaires.com.ar\/index.php\/2022\/07\/18\/ciudadla-fundacion-el-libro-dio-a-conocer-los-premios-pregonero-2022\/","title":{"rendered":"Ciudad:La Fundaci\u00f3n \u00abEl Libro\u00bb dio a conocer los premios Pregonero 2022"},"content":{"rendered":"<p>La Fundaci\u00f3n El Libro, entidad que organiza la Feria del Libro Infantil y Juvenil, anuncia los ganadores de los tradicionales Premios Pregonero en edici\u00f3n 2022. Los Premios Pregonero fueron instituidos por la Fundaci\u00f3n El Libro como adhesi\u00f3n a la Feria del Libro Infantil y Juvenil de Buenos Aires. Se entregan anualmente desde 1990 y tienen como objetivo dar p\u00fablico reconocimiento a los difusores de la literatura infantil y juvenil argentina, quienes desarrollan su vocaci\u00f3n de manera sostenida y tenaz desde sus diferentes espacios de trabajo. En esta edici\u00f3n, el jurado estuvo conformado por Adela Basch, escritora; Julieta Botto, periodista y especialista en LIJ; Nora L\u00eda Sormani, escritora y especialista en LIJ; con la presidencia de la editora Gabriela A. P\u00e9rez. Como culminaci\u00f3n de un exhaustivo proceso de selecci\u00f3n, el Jurado decidi\u00f3 otorgar los siguientes premios:<\/p>\n<p>Pregonero de Honor: Istvansch (Buenos Aires)<br \/>\nPregonero a Instituci\u00f3n: EDELIJ- Espacio de Literatura Infantil y Juvenil (Mendoza)<br \/>\nPregonero a Especialista: Rodrigo Ures (Buenos Aires)<br \/>\nPregonero a Narradora: Alejandra Alliende (Buenos Aires)<br \/>\nPregonero a Periodismo Gr\u00e1fico: Daniela Azulay (Buenos Aires)<br \/>\nPregonero a Periodismo Radial: Letras inquietas (Buenos Aires)<br \/>\nPregonero a Divulgaci\u00f3n en Televisi\u00f3n: Seguimos educando, Canal 7 (Buenos Aires)<br \/>\nPregonero a Comunicaci\u00f3n Digital: Revista Catalejos (Mar del Plata)<br \/>\nPregonero a Biblioteca: Biblioteca Ruca Trab\u00fan (San Mart\u00edn de los Andes)<br \/>\nPregonero a Librer\u00eda: Librer\u00eda Palito (Mar del Plata)<br \/>\nPregonero a Teatro: Cuentos a cuerda (Buenos Aires)<br \/>\nPregonero Especial: Canal Pakapaka (Buenos Aires)<\/p>\n<p>Destacamos que nuevamente el Premio tiene una real dimensi\u00f3n federal, ya que incluye ganadores de diferentes zonas del pa\u00eds. Entrega de los Reconocimientos El acto de entrega se realizar\u00e1 el viernes 22 de julio a las 18.30h en el Sal\u00f3n de Honor del Centro Cultural Kirchner (2.\u00ba piso), ingreso por Sarmiento 151, Ciudad de Buenos Aires. Est\u00e1n invitados todos a participar del evento. Toda la informaci\u00f3n en www.el-libro.org.ar<\/p>\n","protected":false},"excerpt":{"rendered":"<p>La Fundaci\u00f3n El Libro, entidad que organiza la Feria del Libro Infantil y Juvenil, anuncia los ganadores de los tradicionales Premios Pregonero en edici\u00f3n 2022. Los Premios Pregonero fueron instituidos por la Fundaci\u00f3n El Libro como adhesi\u00f3n a la Feria del Libro Infantil y Juvenil de Buenos Aires. Se entregan anualmente desde 1990 y tienen [&hellip;]<\/p>\n","protected":false},"author":2,"featured_media":39386,"comment_status":"open","ping_status":"open","sticky":false,"template":"","format":"standard","meta":{"_et_pb_use_builder":"","_et_pb_old_content":"","_et_gb_content_width":"","footnotes":""},"categories":[11,33],"tags":[],"class_list":["post-39385","post","type-post","status-publish","format-standard","has-post-thumbnail","hentry","category-ciudad","category-sociedad-y-cultura-2"],"_links":{"self":[{"href":"https:\/\/vocesdebaires.com.ar\/index.php\/wp-json\/wp\/v2\/posts\/39385"}],"collection":[{"href":"https:\/\/vocesdebaires.com.ar\/index.php\/wp-json\/wp\/v2\/posts"}],"about":[{"href":"https:\/\/vocesdebaires.com.ar\/index.php\/wp-json\/wp\/v2\/types\/post"}],"author":[{"embeddable":true,"href":"https:\/\/vocesdebaires.com.ar\/index.php\/wp-json\/wp\/v2\/users\/2"}],"replies":[{"embeddable":true,"href":"https:\/\/vocesdebaires.com.ar\/index.php\/wp-json\/wp\/v2\/comments?post=39385"}],"version-history":[{"count":1,"href":"https:\/\/vocesdebaires.com.ar\/index.php\/wp-json\/wp\/v2\/posts\/39385\/revisions"}],"predecessor-version":[{"id":39387,"href":"https:\/\/vocesdebaires.com.ar\/index.php\/wp-json\/wp\/v2\/posts\/39385\/revisions\/39387"}],"wp:featuredmedia":[{"embeddable":true,"href":"https:\/\/vocesdebaires.com.ar\/index.php\/wp-json\/wp\/v2\/media\/39386"}],"wp:attachment":[{"href":"https:\/\/vocesdebaires.com.ar\/index.php\/wp-json\/wp\/v2\/media?parent=39385"}],"wp:term":[{"taxonomy":"category","embeddable":true,"href":"https:\/\/vocesdebaires.com.ar\/index.php\/wp-json\/wp\/v2\/categories?post=39385"},{"taxonomy":"post_tag","embeddable":true,"href":"https:\/\/vocesdebaires.com.ar\/index.php\/wp-json\/wp\/v2\/tags?post=39385"}],"curies":[{"name":"wp","href":"https:\/\/api.w.org\/{rel}","templated":true}]}}