{"id":3939,"date":"2019-10-11T03:10:54","date_gmt":"2019-10-11T06:10:54","guid":{"rendered":"http:\/\/vocesdebaires.com.ar\/wordpress\/index.php\/2019\/10\/11\/cambio-de-autoridades-en-la-legislatura\/"},"modified":"2019-10-11T03:10:54","modified_gmt":"2019-10-11T06:10:54","slug":"cambio-de-autoridades-en-la-legislatura","status":"publish","type":"post","link":"https:\/\/vocesdebaires.com.ar\/index.php\/2019\/10\/11\/cambio-de-autoridades-en-la-legislatura\/","title":{"rendered":"Cambio de autoridades en la Legislatura"},"content":{"rendered":"<p>Durante la sesi\u00f3n ordinaria de ayer jueves , el Cuerpo Parlamentario de la Ciudad acept\u00f3 la renuncia del legislador\u00a0 Francisco Quintana (VJ), quien adem\u00e1s ejerc\u00eda el cargo de Vicepresidente primero. Ese lugar fue asumido por el legislador\u00a0 Agust\u00edn Forchieri (VJ) tras ser propuesto por sus pares del bloque oficialista y luego aprobado en votaci\u00f3n a mano alzada. &quot;Estoy convencido que desde mi asunci\u00f3n fueron estos \u00faltimos a\u00f1os de crecimiento y aprendizaje&quot; expres\u00f3 un fragmento de la nota de renuncia de Quintana le\u00edda por Secretar\u00eda, a la vez que anunciaba su inclusi\u00f3n en la n\u00f3mina de candidatos para formar parte del Consejo de la Magistratura porte\u00f1o, lo que motiv\u00f3 su dimisi\u00f3n. Ante un Recinto colmado, luego fue el turno de agradecimientos a trabajadores, autoridades y diputados por la labor diaria.<\/p>\n<p>En particular salud\u00f3 a la diputada nacional y ex legisladora Carmen Polledo, a quien sucedi\u00f3 en la conducci\u00f3n de la Legislatura y tambi\u00e9n augur\u00f3 a Forchieri una exitosa gesti\u00f3n. Diputados de distintas fuerzas pol\u00edticas elogiaron el trabajo de Quintana y ponderaron &quot;su di\u00e1logo permanente y el respeto durante las sesiones y en el trato diario&quot;. Posteriormente se aprob\u00f3 el nombramiento del legislador\u00a0 Agust\u00edn Forchieri como Vicepresidente primero. &quot;Gracias a quienes han confiado en m\u00ed para esta enorme tarea que implica una gran responsabilidad&quot; asegur\u00f3. A continuaci\u00f3n manifest\u00f3 gratitud en particular al Jefe de Gobierno, Horacio Rodr\u00edguez Larreta, &quot;con quien comparto una visi\u00f3n de ciudad social y urban\u00edsticamente integrada&quot;.<\/p>\n<p>Adem\u00e1s, se\u00f1al\u00f3 que &quot;la Legislatura representa y expresa la pluralidad de voces que conforman nuestra Ciudad. El desaf\u00edo que asumo ser\u00e1 seguir promoviendo esa diversidad a trav\u00e9s del di\u00e1logo, el respeto, la construcci\u00f3n de consensos y la cercan\u00eda con cada vecino&quot;.Por otra parte, el legislador Daniel Presti fue nombrado jefe del bloque oficialista Vamos Juntos, en tanto el legislador\u00a0 Maximiliano Ferraro y Diego Garc\u00eda de Garc\u00eda Vilas ser\u00e1n vicepresidentes primero y segundo respectivamente.Federico Pugliese, quien integr\u00f3 la lista de legisladores del a\u00f1o 2015 en 22\u00b0 lugar jur\u00f3 como nuevo legislador\u00a0 y asumi\u00f3 la banca tras la dimisi\u00f3n de Quintana, con mandato hasta el 10 de diciembre pr\u00f3ximo. El lugar por orden sucesorio era para Raquel Munt, quien desisti\u00f3 al cargo.<\/p>\n","protected":false},"excerpt":{"rendered":"<p>Durante la sesi\u00f3n ordinaria de ayer jueves , el Cuerpo Parlamentario de la Ciudad acept\u00f3 la renuncia del legislador\u00a0 Francisco Quintana (VJ), quien adem\u00e1s ejerc\u00eda el cargo de Vicepresidente primero. Ese lugar fue asumido por el legislador\u00a0 Agust\u00edn Forchieri (VJ) tras ser propuesto por sus pares del bloque oficialista y luego aprobado en votaci\u00f3n a [&hellip;]<\/p>\n","protected":false},"author":1,"featured_media":3940,"comment_status":"open","ping_status":"open","sticky":false,"template":"","format":"standard","meta":{"_et_pb_use_builder":"","_et_pb_old_content":"","_et_gb_content_width":"","footnotes":""},"categories":[11,33],"tags":[],"class_list":["post-3939","post","type-post","status-publish","format-standard","has-post-thumbnail","hentry","category-ciudad","category-sociedad-y-cultura-2"],"_links":{"self":[{"href":"https:\/\/vocesdebaires.com.ar\/index.php\/wp-json\/wp\/v2\/posts\/3939"}],"collection":[{"href":"https:\/\/vocesdebaires.com.ar\/index.php\/wp-json\/wp\/v2\/posts"}],"about":[{"href":"https:\/\/vocesdebaires.com.ar\/index.php\/wp-json\/wp\/v2\/types\/post"}],"author":[{"embeddable":true,"href":"https:\/\/vocesdebaires.com.ar\/index.php\/wp-json\/wp\/v2\/users\/1"}],"replies":[{"embeddable":true,"href":"https:\/\/vocesdebaires.com.ar\/index.php\/wp-json\/wp\/v2\/comments?post=3939"}],"version-history":[{"count":0,"href":"https:\/\/vocesdebaires.com.ar\/index.php\/wp-json\/wp\/v2\/posts\/3939\/revisions"}],"wp:featuredmedia":[{"embeddable":true,"href":"https:\/\/vocesdebaires.com.ar\/index.php\/wp-json\/wp\/v2\/media\/3940"}],"wp:attachment":[{"href":"https:\/\/vocesdebaires.com.ar\/index.php\/wp-json\/wp\/v2\/media?parent=3939"}],"wp:term":[{"taxonomy":"category","embeddable":true,"href":"https:\/\/vocesdebaires.com.ar\/index.php\/wp-json\/wp\/v2\/categories?post=3939"},{"taxonomy":"post_tag","embeddable":true,"href":"https:\/\/vocesdebaires.com.ar\/index.php\/wp-json\/wp\/v2\/tags?post=3939"}],"curies":[{"name":"wp","href":"https:\/\/api.w.org\/{rel}","templated":true}]}}