{"id":39394,"date":"2022-07-19T00:00:06","date_gmt":"2022-07-19T03:00:06","guid":{"rendered":"https:\/\/vocesdebaires.com.ar\/?p=39394"},"modified":"2022-07-18T23:52:40","modified_gmt":"2022-07-19T02:52:40","slug":"amiaestremecedor-sonido-de-la-sirena-y-el-discurso-por-justicia-y-memoria","status":"publish","type":"post","link":"https:\/\/vocesdebaires.com.ar\/index.php\/2022\/07\/19\/amiaestremecedor-sonido-de-la-sirena-y-el-discurso-por-justicia-y-memoria\/","title":{"rendered":"AMIA: El  sonido de la sirena y el discurso por Justicia y Memoria"},"content":{"rendered":"<p>Con el estremecedor sonido de la sirena, el acto comenz\u00f3 a las 9:53, hora exacta en que el coche bomba se incrust\u00f3 y explot\u00f3 contra el edificio de la AMIA. Como es tradici\u00f3n en cada conmemoraci\u00f3n, se leyeron los nombres de las 85 v\u00edctimas fatales, mientras un grupo de familiares encendieron velas en su memoria. Tambi\u00e9n se coloc\u00f3 una rosa y se encendi\u00f3 una vela en homenaje al fiscal Alberto Nisman. Al momento de subir al escenario, Anita Weinstein, sobreviviente de la masacre, comparti\u00f3 sus dolorosos recuerdos de la ma\u00f1ana en la que la AMIA fue atacada y evoc\u00f3 emocionada a su colaboradora Mirta Strier, con quien trabajaba en el segundo piso del edificio de Pasteur 633, y quien fue asesinada en el ataque.<\/p>\n<p>\u201cEl 18 de julio fue el d\u00eda en que me convert\u00ed en un blanco del terrorismo, del odio, y del fanatismo de gente que hab\u00eda elegido matar en vez de honrar la vida, que hab\u00eda elegido destruir y no construir, odiar y no amar\u201d, sostuvo Weinstein en su mensaje.\u201cMe convert\u00ed en sobreviviente de un ataque terrorista considerado el acto antijud\u00edo m\u00e1s indignante despu\u00e9s de la Segunda Guerra Mundial, despu\u00e9s del Holocausto, del cual mis padres hab\u00edan sobrevivido\u201d, relat\u00f3. \u201cLa bomba devast\u00f3 a familias enteras y les caus\u00f3 da\u00f1os irreparables\u201d, continu\u00f3 Anita Weinsten. \u201cNada de esto les import\u00f3 a los terroristas que concibieron, financiaron y ejecutaron el bombardeo con la ayuda de c\u00f3mplices locales. El odio, la intolerancia y las ideolog\u00edas fundamentalistas guiaron sus pasos hasta Buenos Aires\u201d, enfatiz\u00f3.<\/p>\n<p>A su turno, Sof\u00eda Guterman hizo referencia a los 28 a\u00f1os del atentado perpetrado en este lugar. \u00abLa misma cantidad de a\u00f1os que ten\u00eda mi hija Andrea Judith, una de las 85 v\u00edctimas del terrorismo violento e inhumano. Muy pocos a\u00f1os para ofrendar una vida, demasiados a\u00f1os sin Justicia. Llevo conmigo la vivencia de aquel d\u00eda, bajo la forma de una eterna pesadilla\u00bb,manifest\u00f3 mientras comparti\u00f3 con los presentes \u00abla pena sin fondo\u00bb con la que convive por la p\u00e9rdida de su hija, y el dolor que siente al ver \u00absu silla siempre vac\u00eda\u00bb y por no poder o\u00edr m\u00e1s sus risas.<br \/>\n\u201cSiento indignaci\u00f3n por la falta de justicia\u201d, asegur\u00f3 Sof\u00eda Guterman en otro tramo de su discurso. \u201cSiento impotencia ante el avance de la impunidad.<\/p>\n<p>Una impunidad que espera que el nombre y la muerte de las v\u00edctimas se diluyan en el tiempo\u201d, advirti\u00f3. \u201cSiento terror de que esta impunidad le ponga un cepo a la memoria. Siento responsabilidad para luchar para que esa memoria no se apague ni se venda.\u00bb \u201cCrec\u00ed sin saber qu\u00e9 es la justicia, sin comprender c\u00f3mo pudo existir tanta crueldad, tanto desprecio por la vida, tanta sangre in\u00fatilmente derramada\u201d, expres\u00f3 en el Acto, por su parte, Jennifer Dub\u00edn, quien perdi\u00f3 a su padre Norberto en el atentado. \u201cMi vida sigui\u00f3, intentando aprender a vivir con la ausencia y sobrellevarla. Me dejaron sin el ejemplo a seguir, sin tener a qui\u00e9n esperar ansiosa todos los d\u00edas a las 7 de la tarde para jugar.<\/p>\n<p>A mi mam\u00e1 la dejaron sin el amor de su vida. A mi hermano Juan le robaron su c\u00f3mplice para ir a la cancha\u201d, comparti\u00f3. Acompa\u00f1ada en el acto por su hija M\u00eda, de 12 a\u00f1os, Jennifer le dedic\u00f3 unas palabras: \u201cSos parte de la generaci\u00f3n que seguro continuar\u00e1 nuestra lucha, aunque m\u00e1s de una vez los brazos se cansen de tanto remar. Porque lo \u00fanico que est\u00e1 prohibido es el olvido. Porque no queremos nada menos que la verdad y no exigimos nada m\u00e1s que justicia. Para que se acabe la impunidad y para que cada uno de ellos pueda descansar en paz.\u201d<\/p>\n<p>\u201cA 28 a\u00f1os de tu ausencia, Cris, \u00bfqu\u00e9 me queda de vos?\u201d, se pregunt\u00f3 Marina Degtiar, hermana de Cristian, al momento de hablar en el acto. \u201cMe queda de vos la Historia. La que te apasionaba y estudiabas. Y nuestra historia. La que era vida y disfrute. Me quedan de vos remeras, cartas. Libros viejos, nostalgias nuevas, curitas, un reloj. Botines de f\u00fatbol, un cuaderno rayado, tu silla vac\u00eda, tu espacio lleno, repleto de vos. Tu espacio lleno de vos, pero sin vos\u201d, sentenci\u00f3.\u201cA 28 a\u00f1os de tu ausencia me queda de vos el compromiso.<\/p>\n<p>Con vos y con el otro. Con tantos otros que envejecen conmigo en estos a\u00f1os de ausencia. Me queda de vos la responsabilidad de sobrevivirte y honrarte\u201d, continu\u00f3. \u201cMe quedan de vos los d\u00edas, los de antes, los del mundo perdido. Los d\u00edas de este despu\u00e9s, desaf\u00edo y memoria, coraz\u00f3n y apego. Desaf\u00edo y memoria, coraz\u00f3n y apego. Me queda de vos tu coraz\u00f3n latiendo en el m\u00edo. Y grabada a fuego en mi alma, tu imagen toda. La que aparece por los rincones. La imagen que busco y encuentro cuando necesito llenarme de todo, todo, de tanto Cris, que me queda de vos\u201d, concluy\u00f3 su mensaje Marina Degtiar.<\/p>\n<p>Bajo la consigna \u201cVolvemos a Pasteur\u201d, y con la convocatoria conjunta de AMIA, DAIA y Familiares de las V\u00edctimas, el acto, que cont\u00f3 con la participaci\u00f3n art\u00edstica de Javier Calamaro, congreg\u00f3 en el mismo lugar en que fue perpetrado el atentado terrorista 28 a\u00f1os atr\u00e1s, a miles de personas que se unieron en el reclamo de justicia, la denuncia contra la impunidad, y en el homenaje a las v\u00edctimas de la masacre. Al t\u00e9rmino del acto, AMIA agradeci\u00f3 a trav\u00e9s de sus redes sociales el apoyo y el acompa\u00f1amiento de toda la sociedad para poder mantener viva la memoria y poder renovar, cada a\u00f1o, el reclamo de justicia y la denuncia de la impunidad vigente en la causa.<\/p>\n","protected":false},"excerpt":{"rendered":"<p>Con el estremecedor sonido de la sirena, el acto comenz\u00f3 a las 9:53, hora exacta en que el coche bomba se incrust\u00f3 y explot\u00f3 contra el edificio de la AMIA. Como es tradici\u00f3n en cada conmemoraci\u00f3n, se leyeron los nombres de las 85 v\u00edctimas fatales, mientras un grupo de familiares encendieron velas en su memoria. [&hellip;]<\/p>\n","protected":false},"author":2,"featured_media":39395,"comment_status":"open","ping_status":"open","sticky":false,"template":"","format":"standard","meta":{"_et_pb_use_builder":"","_et_pb_old_content":"","_et_gb_content_width":"","footnotes":""},"categories":[11,33],"tags":[],"class_list":["post-39394","post","type-post","status-publish","format-standard","has-post-thumbnail","hentry","category-ciudad","category-sociedad-y-cultura-2"],"_links":{"self":[{"href":"https:\/\/vocesdebaires.com.ar\/index.php\/wp-json\/wp\/v2\/posts\/39394"}],"collection":[{"href":"https:\/\/vocesdebaires.com.ar\/index.php\/wp-json\/wp\/v2\/posts"}],"about":[{"href":"https:\/\/vocesdebaires.com.ar\/index.php\/wp-json\/wp\/v2\/types\/post"}],"author":[{"embeddable":true,"href":"https:\/\/vocesdebaires.com.ar\/index.php\/wp-json\/wp\/v2\/users\/2"}],"replies":[{"embeddable":true,"href":"https:\/\/vocesdebaires.com.ar\/index.php\/wp-json\/wp\/v2\/comments?post=39394"}],"version-history":[{"count":2,"href":"https:\/\/vocesdebaires.com.ar\/index.php\/wp-json\/wp\/v2\/posts\/39394\/revisions"}],"predecessor-version":[{"id":39397,"href":"https:\/\/vocesdebaires.com.ar\/index.php\/wp-json\/wp\/v2\/posts\/39394\/revisions\/39397"}],"wp:featuredmedia":[{"embeddable":true,"href":"https:\/\/vocesdebaires.com.ar\/index.php\/wp-json\/wp\/v2\/media\/39395"}],"wp:attachment":[{"href":"https:\/\/vocesdebaires.com.ar\/index.php\/wp-json\/wp\/v2\/media?parent=39394"}],"wp:term":[{"taxonomy":"category","embeddable":true,"href":"https:\/\/vocesdebaires.com.ar\/index.php\/wp-json\/wp\/v2\/categories?post=39394"},{"taxonomy":"post_tag","embeddable":true,"href":"https:\/\/vocesdebaires.com.ar\/index.php\/wp-json\/wp\/v2\/tags?post=39394"}],"curies":[{"name":"wp","href":"https:\/\/api.w.org\/{rel}","templated":true}]}}