{"id":39398,"date":"2022-07-18T23:59:10","date_gmt":"2022-07-19T02:59:10","guid":{"rendered":"https:\/\/vocesdebaires.com.ar\/?p=39398"},"modified":"2022-07-18T23:59:10","modified_gmt":"2022-07-19T02:59:10","slug":"ciudadvacaciones-de-invierno-actividades-para-vecinos-y-turistas","status":"publish","type":"post","link":"https:\/\/vocesdebaires.com.ar\/index.php\/2022\/07\/18\/ciudadvacaciones-de-invierno-actividades-para-vecinos-y-turistas\/","title":{"rendered":"Ciudad:Vacaciones de invierno actividades para vecinos y turistas"},"content":{"rendered":"<p>Para estas vacaciones de invierno, el Ministerio de Cultura de la Ciudad de Buenos Aires brinda una amplia y variada programaci\u00f3n de actividades presenciales, de acceso gratuito o accesible, para toda la familia en distintos barrios porte\u00f1os. Del 16 al 31 de julio, los museos, bibliotecas, centros culturales, terrazas, plazas, parques y diferentes salas de la Ciudad ser\u00e1n escenario de m\u00e1s de 650 actividades pensadas para las distintas edades. Al mismo tiempo, la plataforma Vivamos Cultura dispondr\u00e1 de variados ciclos y contenidos digitales para disfrutar desde cualquier punto del pa\u00eds.<\/p>\n<p>La programaci\u00f3n completa est\u00e1 disponible en la web de la Ciudad. Tambi\u00e9n se puede consultar por medio de Boti (11-5050-0147), el chat de la Ciudad. Adem\u00e1s en las redes de Ba Cultura se podr\u00e1n seguir las recomendaciones d\u00eda por d\u00eda. \u201cLas vacaciones de invierno son el mejor momento para disfrutar la Ciudad en familia. Tenemos m\u00e1s de 650 opciones divertidas para todos en una variedad cultural enorme que va desde literatura, teatro, t\u00edteres y juegos, hasta m\u00fasica y conciertos perform\u00e1ticos. Adem\u00e1s, hay muchas actividades gratuitas en plazas, parques, teatros, museos y bibliotecas. Los esperamos a grandes y chicos para pasar un buen momento con la Ciudad como escenario\u201d, coment\u00f3 el jefe de Gobierno, Horacio Rodriguez Larreta.<\/p>\n<p>En la misma l\u00ednea, el Ministro de Cultura de la Ciudad, Enrique Avogadro, expres\u00f3: \u201cLas vacaciones de invierno son una oportunidad inigualable para recorrer y conocer la Ciudad pero tambi\u00e9n para pasar un tiempo de disfrute juntos. La cultura es un espacio de encuentro para sentir la Ciudad. Por eso, desde el Ministerio de Cultura de la Ciudad ofreceremos una gran variedad de propuestas, virtuales y presenciales, para que los ni\u00f1os, ni\u00f1as y adolescentes puedan disfrutar al m\u00e1ximo esta pausa en la escolaridad. Queremos que este tiempo sea propicio para acercarnos a nuestras ra\u00edces, para conocernos mejor, y que la participaci\u00f3n de las familias sea plena. Por eso, habr\u00e1 propuestas en todos los barrios y para todas las edades\u201d.<\/p>\n<p>Si queres ver mucho m\u00e1s entra ac\u00e1: https:\/\/www.buenosaires.gob.ar\/cultura\/noticias\/vacaciones-de-invierno-ciudad-2022<\/p>\n","protected":false},"excerpt":{"rendered":"<p>Para estas vacaciones de invierno, el Ministerio de Cultura de la Ciudad de Buenos Aires brinda una amplia y variada programaci\u00f3n de actividades presenciales, de acceso gratuito o accesible, para toda la familia en distintos barrios porte\u00f1os. Del 16 al 31 de julio, los museos, bibliotecas, centros culturales, terrazas, plazas, parques y diferentes salas de [&hellip;]<\/p>\n","protected":false},"author":2,"featured_media":39399,"comment_status":"open","ping_status":"open","sticky":false,"template":"","format":"standard","meta":{"_et_pb_use_builder":"","_et_pb_old_content":"","_et_gb_content_width":"","footnotes":""},"categories":[11,33],"tags":[],"class_list":["post-39398","post","type-post","status-publish","format-standard","has-post-thumbnail","hentry","category-ciudad","category-sociedad-y-cultura-2"],"_links":{"self":[{"href":"https:\/\/vocesdebaires.com.ar\/index.php\/wp-json\/wp\/v2\/posts\/39398"}],"collection":[{"href":"https:\/\/vocesdebaires.com.ar\/index.php\/wp-json\/wp\/v2\/posts"}],"about":[{"href":"https:\/\/vocesdebaires.com.ar\/index.php\/wp-json\/wp\/v2\/types\/post"}],"author":[{"embeddable":true,"href":"https:\/\/vocesdebaires.com.ar\/index.php\/wp-json\/wp\/v2\/users\/2"}],"replies":[{"embeddable":true,"href":"https:\/\/vocesdebaires.com.ar\/index.php\/wp-json\/wp\/v2\/comments?post=39398"}],"version-history":[{"count":1,"href":"https:\/\/vocesdebaires.com.ar\/index.php\/wp-json\/wp\/v2\/posts\/39398\/revisions"}],"predecessor-version":[{"id":39400,"href":"https:\/\/vocesdebaires.com.ar\/index.php\/wp-json\/wp\/v2\/posts\/39398\/revisions\/39400"}],"wp:featuredmedia":[{"embeddable":true,"href":"https:\/\/vocesdebaires.com.ar\/index.php\/wp-json\/wp\/v2\/media\/39399"}],"wp:attachment":[{"href":"https:\/\/vocesdebaires.com.ar\/index.php\/wp-json\/wp\/v2\/media?parent=39398"}],"wp:term":[{"taxonomy":"category","embeddable":true,"href":"https:\/\/vocesdebaires.com.ar\/index.php\/wp-json\/wp\/v2\/categories?post=39398"},{"taxonomy":"post_tag","embeddable":true,"href":"https:\/\/vocesdebaires.com.ar\/index.php\/wp-json\/wp\/v2\/tags?post=39398"}],"curies":[{"name":"wp","href":"https:\/\/api.w.org\/{rel}","templated":true}]}}