{"id":39401,"date":"2022-07-19T00:13:18","date_gmt":"2022-07-19T03:13:18","guid":{"rendered":"https:\/\/vocesdebaires.com.ar\/?p=39401"},"modified":"2022-07-19T00:13:18","modified_gmt":"2022-07-19T03:13:18","slug":"memoria-activaacto-por-el-aniversario-28-anos-del-atentado-de-la-amia","status":"publish","type":"post","link":"https:\/\/vocesdebaires.com.ar\/index.php\/2022\/07\/19\/memoria-activaacto-por-el-aniversario-28-anos-del-atentado-de-la-amia\/","title":{"rendered":"Memoria Activa:Acto por el aniversario 28 a\u00f1os del atentado de la AMIA"},"content":{"rendered":"<p>Un a\u00f1o m\u00e1s y el 18 de julio sigue siendo un d\u00eda imposible. Es un agujero en el calendario. Como si no solo hubieran volado la AMIA, sino que tambi\u00e9n, con ella, el tiempo se hubiera estrellado.<br \/>\nHoy es un d\u00eda imposible porque, aun cuando parece cada vez m\u00e1s lejano, se nos sigue cortando la respiraci\u00f3n, nos seguimos quedando sin voz y no podemos m\u00e1s que sentir la angustia frente a tanto sinsentido. El asesinato de nuestros familiares y amigos dej\u00f3 un vac\u00edo insoportable y nos duelen sus ausencias d\u00eda tras d\u00eda, a\u00f1o tras a\u00f1o. 28 a\u00f1os despu\u00e9s nos sigue doliendo ese abrazo que fue el \u00faltimo, esa \u00faltima noche, ese \u00faltimo encuentro, esa despedida. No hay tiempo posible que pueda reparar el dolor de la masacre indiscriminada.<\/p>\n<p>Pero tambi\u00e9n el sinsentido de la ausencia de respuestas. Hace 28 a\u00f1os nos comprometimos con la Verdad y la Justicia. Jam\u00e1s imaginamos que esa b\u00fasqueda iba a ser el camino de nuestra vida. El 18 de julio es un d\u00eda imposible porque es el recordatorio m\u00e1s terrible de que no sabemos nada, de que solo tenemos preguntas y la certeza de que se ha hecho todo lo contrario a lo que hab\u00eda que hacer para encontrar a los responsables del asesinato de nuestros familiares y amigos. El 18 de julio es imposible porque nos reencontramos con la miseria de los que mataron y la perversidad de los que encubrieron. Esta plaza fue y es testigo de nuestra lucha. Frente al vac\u00edo inevitable, nos juntamos ac\u00e1, con o sin escenario, con o sin micr\u00f3fono, con fr\u00edo, lluvia, calor, con algo para decir o simplemente un silencio para compartir, y transformamos esta plaza en la Plaza de la Memoria.<\/p>\n<p>Ten\u00edamos la historia de otras plazas que se llenaron para denunciar otras injusticias y, cuando nos dimos cuenta de las maniobras que se estaban realizando para bastardear la causa judicial, entendimos que estaban buscando malversar la investigaci\u00f3n para cerrar la causa y que ten\u00edamos que denunciarlo. E hicimos de esta Plaza lo que muy pocos quisieron que ocurriera y que a muchos les molest\u00f3 y les molesta: el espacio donde nos juntamos a denunciar a todos los que desviaron la investigaci\u00f3n, a los encubridores, a los poderosos de turno que nunca se preocuparon por hacer lo que ten\u00edan que hacer, a jueces, fiscales, ex ministros, presidentes, miembros de la dirigencia comunitaria jud\u00eda, agentes de inteligencia, integrantes de la Polic\u00eda.<\/p>\n<p>En esta Plaza denunciamos a todos ellos, con nombre y apellido, frente al s\u00edmbolo m\u00e1s nefasto del funcionamiento de la justicia argentina, el Palacio de la Impunidad que se levanta a mis espaldas.Por eso, volver ac\u00e1 despu\u00e9s de dos a\u00f1os, no es volver a denunciar las maniobras inescrupulosas de la investigaci\u00f3n (porque eso nunca dejamos de hacerlo). Es una forma de volver a las mismas baldosas que fueron y son testigo de nuestra lucha. Hicimos de esta Plaza la lucha que permiti\u00f3 que la causa AMIA no se cerrara.<\/p>\n<p>Es cierto: hoy, 28 a\u00f1os despu\u00e9s del Atentado a la AMIA, seguimos sin saber qui\u00e9nes son los responsables del asesinato de nuestros familiares y amigos, pero si la causa sigue abierta es porque esta Plaza sigue gritando. La historia de la investigaci\u00f3n del Atentado es la historia del intento fallido de cerrar la causa. Gracias a esta Plaza ellos siguen fallando en su cometido. Por eso, volver ac\u00e1, a estos \u00e1rboles, a estas calles, a rodearse de conocidos, es un gesto que no deja de ser reconfortante.<\/p>\n<p>Y si hoy seguimos sin conocer a los responsables del asesinato de nuestros familiares y amigos es porque el aparato estatal que dio lugar al encubrimiento no ha sido desarticulado. No hubo simples errores en la investigaci\u00f3n o no se trat\u00f3 de algunos inexpertos que no supieron investigar: hubo una pol\u00edtica de Estado destinada a encubrir a los responsables del Atentado a la AMIA en la que participaron de forma mancomunada los distintos sectores del poder pol\u00edtico y judicial de Argentina. Y la verg\u00fcenza del Estado argentino y de los sucesivos gobiernos de tantos a\u00f1os, es no haber ni tocado ni desarmado ni desarticulado el engranaje pol\u00edtico-judicial que es responsable del fracaso m\u00e1s grande de la historia judicial argentina.<\/p>\n<p>Cuando decimos que el engranaje de encubrimiento no est\u00e1 desarticulado lo vemos en el propio funcionamiento de la UFI AMIA. Esta Unidad Fiscal, que deber\u00eda tener como \u00fanica funci\u00f3n la investigaci\u00f3n del Atentado, no ha producido ninguna prueba en los \u00faltimos a\u00f1os. Los fiscales a cargo, Sebasti\u00e1n Basso y Gonzalo Mirando, dirigen una fiscal\u00eda fantasma que maneja un presupuesto millonario para no investigar nada. Fiscales que no investigan, fiscales que no acusan. Es claro que estos fiscales fueron designados para no investigar y a eso se han dedicado.<br \/>\nY no se trata de una mera hip\u00f3tesis nuestra que carece de fundamento. El accionar de la fiscal\u00eda durante el \u00faltimo a\u00f1o demuestra los malintencionados objetivos de estos fiscales.<\/p>\n<p>En septiembre del a\u00f1o pasado, la fiscal\u00eda pidi\u00f3 sobreseer al principal sospechoso de la pista \u00absiria\u00bb de investigaci\u00f3n, un allegado a la familia Menem que fue beneficiado por las maniobras de encubrimiento operadas desde el Poder Ejecutivo y el Poder Judicial. \u00bfCu\u00e1l fue el argumento de los fiscales para pedir el sobreseimiento? El pedido de sobreseimiento se funda en, seg\u00fan ellos, una \u201cextensa y exhaustiva investigaci\u00f3n\u201d que impide seguir sosteniendo la acusaci\u00f3n. Resulta cuanto menos llamativo que la fiscal\u00eda se refiera a una exhaustiva investigaci\u00f3n cuando el estado de situaci\u00f3n de la propia UFI AMIA imposibilita llegar a esa conclusi\u00f3n. Hasta el d\u00eda de hoy, en la propia fiscal\u00eda se acumulan cajas enteras de material no desclasificado ni investigado. Venimos denunciado hace a\u00f1os la existencia de material no desclasificado, situaci\u00f3n que no se revierte y solo atenta contra el esclarecimiento de la causa.<\/p>\n<p>Pero a esta altura es claro: existe una pol\u00edtica de abandono del material de investigaci\u00f3n y es claro que no hay pol\u00edtica de desclasificaci\u00f3n de archivos porque no les interesa la verdad, pretenden instalar la idea de que el encubrimiento nunca existi\u00f3 y solo se dedican a pedir sobreseimientos sin sustento jur\u00eddico para conseguir lo que siempre se quiso: cerrar la causa AMIA. Volvemos a solicitar lo que le ya pedimos en reiteradas oportunidades: exigimos la remoci\u00f3n de los fiscales Sebastian Basso y Gonzalo Mirando, a cargo de la Unidad Fiscal AMIA. Exigimos una fiscal\u00eda que deje de trabajar para darle continuidad a la impunidad.<\/p>\n<p>El estado actual de la causa por el encubrimiento del Atentado a la AMIA es otra demostraci\u00f3n de que el engranaje de encubrimiento sigue intacto. En febrero de 2019, el Tribunal Oral Federal N\u00b02, quien se encarg\u00f3 de realizar el juicio por el encubrimiento de la investigaci\u00f3n, dict\u00f3 una sentencia acomodada y pol\u00edtica, en la que absolvieron a unos y condenaron con penas superfluas a otros. Despu\u00e9s de tres a\u00f1os y medio de audiencias, pese a que qued\u00f3 demostrado el esc\u00e1ndalo en la investigaci\u00f3n del Atentado a la AMIA, en maniobras de encubrimiento que involucraron desde las m\u00e1s altas esferas del Poder Ejecutivo y Judicial hasta miembros de los Servicios de Inteligencia y de la dirigencia comunitaria jud\u00eda, qued\u00f3 visible que la justicia no puede juzgarse seriamente a s\u00ed misma.<\/p>\n<p>Las bajas penas y las burdas absoluciones demuestran que los jueces de Comodoro Py est\u00e1n m\u00e1s preocupados por defender a los miembros de su corporaci\u00f3n judicial antes que por esclarecer la causa AMIA. Desde Memoria Activa apelamos la sentencia y, hasta el d\u00eda de hoy, no hay ning\u00fan tipo de respuesta.\u00a0 El retardo de justicia ya no es la excepci\u00f3n en el sistema judicial argentino. La lentitud de la justicia no es inocente, es perversa. Exigimos a la C\u00e1mara de Casaci\u00f3n Federal una resoluci\u00f3n inmediata y esperamos que la gran familia judicial deje de preocuparse por sus negocios espurios y dicte sentencia justa y ejemplar para los encubridores del mayor Atentado que ha sufrido la historia argentina. Mientras tanto el pasado 17 de mayo, despu\u00e9s de 10 a\u00f1os de inacci\u00f3n, el Juez Ramos resolvi\u00f3, realizando un an\u00e1lisis superficial, sesgado y descontextualizado, la situaci\u00f3n procesal de los ex secretarios del juzgado de Galeano: el actual juez en Tierra del Fuego Javier De Gamas, Susana Spina, Jos\u00e9 Pereyra y Carlos Velazco (\u00bfse acuerdan?<\/p>\n<p>El que quem\u00f3 en su parrilla los videos de Galeano). Ramos los procesa por desviaciones menores en la investigaci\u00f3n, o sea, sobreseimientos encubiertos. Nuevamente, estamos frente al accionar protot\u00edpico de la justicia argentina en la causa AMIA: lentitud, fallos que carecen de fundamentos jur\u00eddicos, incapacidad de la justicia de juzgarse a s\u00ed misma y garant\u00edas para los encubridores del Atentado m\u00e1s grande de la historia argentina.Apelamos este nuevo fallo injusto porque no nos resignamos a la impunidad con la que nos desaf\u00eda descaradamente, desde siempre, la Justicia Federal de Comodoro Py. Y por cierto, d\u00f3nde estaba la Fiscal\u00eda AMIA en esta discusi\u00f3n sobre los secretarios de Galeano: ausente.<\/p>\n<p>Hace 25 a\u00f1os iniciamos una demanda contra el Estado Argentino ante la Comisi\u00f3n Interamericana de Derechos Humanos de la OEA por la violaci\u00f3n del derecho a la vida, por habernos negado nuestro derecho a la justicia y por haber impedido y continuar impidiendo saber qu\u00e9 pas\u00f3 el 18 de julio de 1994. Actualmente, estamos llegando al fin de una etapa, estamos a la espera de una audiencia ante la Corte Interamericana de Derechos Humanos que dictar\u00e1 los pasos que deber\u00e1 seguir el Estado Argentino, para hacer frente a su responsabilidad. Y mientras la causa judicial est\u00e1 de hecho paralizada, sigue dando l\u00e1stima el papel lamentable que realiza a\u00f1o a a\u00f1o la dirigencia comunitaria jud\u00eda.<\/p>\n<p>La pol\u00edtica de la AMIA y la DAIA sigue estando muy cerca de sus intereses personales y la perpetuaci\u00f3n de la impunidad y muy lejos de la b\u00fasqueda de justicia. Incluso los nombres que transitan las instituciones siguen siendo los mismos, las mismas personas recorriendo los mismos pasillos. Por eso, no nos separan tan solo 15 cuadras, estamos a a\u00f1os luz del encubrimiento del cual siempre fueron c\u00f3mplices. A esta misma hora, est\u00e1n realizando un acto que siguen llamando \u201cActo Central\u201d, arrog\u00e1ndose una representatividad que no tienen y una centralidad que a esta altura es muy dif\u00edcil de creer. Pero m\u00e1s perverso a\u00fan es que uno de los slogans que su agencia de publicidad elabor\u00f3 para convocar a su acto haya sido<\/p>\n<p>\u201cLa memoria no se vende\u201d. Su papel ya no solo es tr\u00e1gico, es siniestro: que la dirigencia comunitaria jud\u00eda nos venga a dar lecciones sobre c\u00f3mo hacer memoria, cuando participaron del encubrimiento y tuvieron conocimiento precisamente de la \u201ccompra-venta\u201d de testimonios, es de las perversidades discursivas m\u00e1s alevosas de los \u00faltimos meses. No alcanza con hacer campa\u00f1as de marketing, inundar las redes sociales y llenar de afiches las estaciones de subte para fingir preocupaci\u00f3n por la falta de justicia. Lo que se necesita es no vender la verdad, no ser c\u00f3mplices del saqueo de la causa y no tomar a la justicia como una moneda de cambio por intereses espurios. Lamentable el papel que han hecho y el circo que siguen montando.<\/p>\n<p>Tambi\u00e9n es vergonzoso que nos hayamos enterado por los medios de comunicaci\u00f3n de la existencia de un proyecto para la realizaci\u00f3n de un memorial sobre el R\u00edo de la Plata. La propuesta se gest\u00f3 en silencio y de forma privada entre el Gobierno de la Ciudad de Buenos Aires y las autoridades de la AMIA, sin haber convocado a los familiares para ser parte de la misma. No nos extra\u00f1a. La historia se vuelve a repetir: los familiares excluidos, que es la forma que tienen para silenciar nuestra voz.<\/p>\n<p>\u00bfCu\u00e1l va a ser la historia que van a contar los que formaron parte del encubrimiento del Atentado? Si algo le faltaba a toda esta farsa es el protagonismo de las instituciones que conocieron las maniobras espurias durante la investigaci\u00f3n en la construcci\u00f3n de un memorial. \u00bfEncubridores haciendo memoria? Nada serio podemos esperar de eso.Mientras tanto muchos habr\u00e1n notado que no est\u00e1 en la plaza el monumento de Memoria Activa. Lamentablemente, producto de la falta de inter\u00e9s y de cuidados que requer\u00eda, ha sido pr\u00e1cticamente destruido. Esperamos que la reparaci\u00f3n sea r\u00e1pida y su posterior cuidado, permanente.<\/p>\n<p>\u00bfQu\u00e9 nos deja un a\u00f1o m\u00e1s? Finalmente, no solo miseria. Despu\u00e9s de dos a\u00f1os de pandemia, hoy estamos en la Plaza. Pese a la impunidad end\u00e9mica que nos acompa\u00f1a desde el 18 de julio de 1994, pudimos construir este espacio tambi\u00e9n para abrazarnos, quiz\u00e1s el \u00fanico lugar donde podemos sentir un poco de calor en este fr\u00edo imposible de julio. Esta es nuestra barricada hist\u00f3rica. Estamos ac\u00e1, los que la vida nos puso en el mismo escenario, pero tambi\u00e9n con quienes elegimos seguir estando.<\/p>\n<p>Ac\u00e1 decidimos jam\u00e1s arrodillarnos ante los poderes de turno y ac\u00e1 nos comprometimos con nuestro \u00fanico horizonte: justicia por nuestros muertos y luchar por una sociedad m\u00e1s digna, m\u00e1s vivible, m\u00e1s acorde con nuestros deseos. Estamos lejos de lo que buscamos, pero estamos convencidos del camino que transitamos, con la certeza de que la historia se escribe con cada uno de nuestros pasos, quedando marcado qui\u00e9n so\u00f1\u00f3 una sociedad m\u00e1s justa y qui\u00e9n transform\u00f3 nuestra realidad en una pesadilla. Volvimos a nuestro refugio hist\u00f3rico frente a la monstruosidad que se levanta a mis espaldas. Nuestro espacio de encuentro, de abrazos, de recuerdo insistente, de dolor y de lucha. Pero sobre todo de repetici\u00f3n.<\/p>\n<p>Justicia justicia. No necesitamos cambiar nuestro lema. No necesitamos un slogan m\u00e1s moderno. Venimos ac\u00e1 a repetir lo que repetimos todos los a\u00f1os: justicia justicia. Y lo decimos dos veces, de manera insistente, porque lo que importa no es la gram\u00e1tica sino que golpee. Justicia justicia. No hay necesidad de adaptarse a ninguna moda. El mismo lema, repetido, duplicado. Como un martillo que golpea y que, alg\u00fan d\u00eda, al menos esa es nuestra esperanza, va a tirar abajo las columnas de los que viven tranquilos en el Palacio de los Injustos.<\/p>\n<p>La historia de estos \u00faltimos 28 a\u00f1os es triste. Pero tambi\u00e9n es la historia de los que nos mantuvimos y nos mantenemos de pie repitiendo lo \u00fanico que hab\u00eda que repetir. Justicia, justicia. Seguir ac\u00e1 es nuestra victoria. Resistimos cuando nos quisieron vencidos. Nuestra persistencia es el fracaso de los que quisieron destripar la causa AMIA. Y por ah\u00ed vamos a seguir. Este es el lugar donde nos paramos en la vida. Justicia justicia. No hay nada m\u00e1s que decir. Por Andr\u00e9s, por Noem\u00ed, por Agust\u00edn, por Norma, por los 85 asesinados, por los cientos de heridos y por todas las v\u00edctimas que dej\u00f3 el atentado a la AMIA. Justicia justicia perseguir\u00e1s, justicia justicia perseguiremos.<\/p>\n","protected":false},"excerpt":{"rendered":"<p>Un a\u00f1o m\u00e1s y el 18 de julio sigue siendo un d\u00eda imposible. Es un agujero en el calendario. Como si no solo hubieran volado la AMIA, sino que tambi\u00e9n, con ella, el tiempo se hubiera estrellado. Hoy es un d\u00eda imposible porque, aun cuando parece cada vez m\u00e1s lejano, se nos sigue cortando la [&hellip;]<\/p>\n","protected":false},"author":2,"featured_media":39402,"comment_status":"open","ping_status":"open","sticky":false,"template":"","format":"standard","meta":{"_et_pb_use_builder":"","_et_pb_old_content":"","_et_gb_content_width":"","footnotes":""},"categories":[11,33],"tags":[],"class_list":["post-39401","post","type-post","status-publish","format-standard","has-post-thumbnail","hentry","category-ciudad","category-sociedad-y-cultura-2"],"_links":{"self":[{"href":"https:\/\/vocesdebaires.com.ar\/index.php\/wp-json\/wp\/v2\/posts\/39401"}],"collection":[{"href":"https:\/\/vocesdebaires.com.ar\/index.php\/wp-json\/wp\/v2\/posts"}],"about":[{"href":"https:\/\/vocesdebaires.com.ar\/index.php\/wp-json\/wp\/v2\/types\/post"}],"author":[{"embeddable":true,"href":"https:\/\/vocesdebaires.com.ar\/index.php\/wp-json\/wp\/v2\/users\/2"}],"replies":[{"embeddable":true,"href":"https:\/\/vocesdebaires.com.ar\/index.php\/wp-json\/wp\/v2\/comments?post=39401"}],"version-history":[{"count":1,"href":"https:\/\/vocesdebaires.com.ar\/index.php\/wp-json\/wp\/v2\/posts\/39401\/revisions"}],"predecessor-version":[{"id":39403,"href":"https:\/\/vocesdebaires.com.ar\/index.php\/wp-json\/wp\/v2\/posts\/39401\/revisions\/39403"}],"wp:featuredmedia":[{"embeddable":true,"href":"https:\/\/vocesdebaires.com.ar\/index.php\/wp-json\/wp\/v2\/media\/39402"}],"wp:attachment":[{"href":"https:\/\/vocesdebaires.com.ar\/index.php\/wp-json\/wp\/v2\/media?parent=39401"}],"wp:term":[{"taxonomy":"category","embeddable":true,"href":"https:\/\/vocesdebaires.com.ar\/index.php\/wp-json\/wp\/v2\/categories?post=39401"},{"taxonomy":"post_tag","embeddable":true,"href":"https:\/\/vocesdebaires.com.ar\/index.php\/wp-json\/wp\/v2\/tags?post=39401"}],"curies":[{"name":"wp","href":"https:\/\/api.w.org\/{rel}","templated":true}]}}