{"id":39410,"date":"2022-07-19T00:27:30","date_gmt":"2022-07-19T03:27:30","guid":{"rendered":"https:\/\/vocesdebaires.com.ar\/?p=39410"},"modified":"2022-07-19T00:27:30","modified_gmt":"2022-07-19T03:27:30","slug":"referentes-politicos-latinoamericano-presente-en-el-acto-de-amia","status":"publish","type":"post","link":"https:\/\/vocesdebaires.com.ar\/index.php\/2022\/07\/19\/referentes-politicos-latinoamericano-presente-en-el-acto-de-amia\/","title":{"rendered":"Referentes pol\u00edticos latinoamericano presente en el acto de AMIA"},"content":{"rendered":"<p>Cientos de funcionarios, legisladores, magistrados y l\u00edderes latinoamericanos dijeron presente ayer lunes en el acto central por el 28 aniversario del atentado a la AMIA en el marco del 2do Foro Latinoamericano de Combate al Antisemitismo, organizado por el Congreso Jud\u00edo Latinoamericano y el Ministerio de Relacione Exteriores israel\u00ed junto a LCI, CAM y Hatzad Hasheini.<br \/>\nDeborah Lipstadt, Enviada Especial para el Monitoreo y la Lucha contra el Antisemitismo del Departamento de Estado de los Estados Unidos, Dani Dayan, Presidente de Yad Vashem, Fernando Lottenberg, Comisionado para el monitoreo y la lucha contra el antisemitismo de la OEA, y muchos otros referentes internacionales formaron parte de la delegaci\u00f3n y escucharon las palabras de los familiares del atentado.<\/p>\n<p>El sentido homenaje form\u00f3 parte de la segunda jornada del encuentro, que culmin\u00f3 m\u00e1s tarde dentro del edificio de la AMIA con unas palabras de su presidente, Amos Linetzky, quien agradeci\u00f3 la presencia de tantos representantes y referentes regionales y el continuo apoyo de los pa\u00edses presentes en el reclamo de justicia.\u00a0 Luego, el evento cerr\u00f3 con un intercambio entre los participantes, que se comprometieron a continuar trabajando coordinadamente contra todas las formas de discriminaci\u00f3n. Durante la tarde de ayer, adem\u00e1s, el Foro cont\u00f3 con un panel de destacados funcionarios de los tres poderes de toda Latinoam\u00e9rica: el ex presidente de Guatemala, Jimmy Morales, la Magistrada de la Corte Constitucional de Colombia, Cristina Pardo, y la Senadora Carmen Aravena Acu\u00f1a.<\/p>\n<p>\u201cLas diferencias pueden contribuir al crecimiento de las naciones, por ello es triste cuando esas diferencias van en detrimento de las relaciones entre las personas\u201d expres\u00f3 Morales. \u201cEn un Estado democr\u00e1tico y pluralista el respeto deber\u00eda impedir aceptar este tipo de expresiones ofensivas. Hasta all\u00e1 no deber\u00eda llegar la libertad de expresi\u00f3n\u201d expuso Pardo. \u201cEl antisemitismo no es un problema de los jud\u00edos, es un problema de todos, y por eso mismo debemos solucionarlo entre todos\u201d concluy\u00f3 Aravena Acu\u00f1a. \u201cLuego de dos jornadas intensas, estamos convencidos de que la convivencia forma parte del esp\u00edritu latinoamericano, y que es nuestro deber exportar al mundo este modelo de fraternidad\u201d concluy\u00f3 Claudio Epelman, Director Ejecutivo del Congreso Jud\u00edo Latinoamericano.<\/p>\n","protected":false},"excerpt":{"rendered":"<p>Cientos de funcionarios, legisladores, magistrados y l\u00edderes latinoamericanos dijeron presente ayer lunes en el acto central por el 28 aniversario del atentado a la AMIA en el marco del 2do Foro Latinoamericano de Combate al Antisemitismo, organizado por el Congreso Jud\u00edo Latinoamericano y el Ministerio de Relacione Exteriores israel\u00ed junto a LCI, CAM y Hatzad [&hellip;]<\/p>\n","protected":false},"author":2,"featured_media":39411,"comment_status":"open","ping_status":"open","sticky":false,"template":"","format":"standard","meta":{"_et_pb_use_builder":"","_et_pb_old_content":"","_et_gb_content_width":"","footnotes":""},"categories":[11,33],"tags":[],"class_list":["post-39410","post","type-post","status-publish","format-standard","has-post-thumbnail","hentry","category-ciudad","category-sociedad-y-cultura-2"],"_links":{"self":[{"href":"https:\/\/vocesdebaires.com.ar\/index.php\/wp-json\/wp\/v2\/posts\/39410"}],"collection":[{"href":"https:\/\/vocesdebaires.com.ar\/index.php\/wp-json\/wp\/v2\/posts"}],"about":[{"href":"https:\/\/vocesdebaires.com.ar\/index.php\/wp-json\/wp\/v2\/types\/post"}],"author":[{"embeddable":true,"href":"https:\/\/vocesdebaires.com.ar\/index.php\/wp-json\/wp\/v2\/users\/2"}],"replies":[{"embeddable":true,"href":"https:\/\/vocesdebaires.com.ar\/index.php\/wp-json\/wp\/v2\/comments?post=39410"}],"version-history":[{"count":1,"href":"https:\/\/vocesdebaires.com.ar\/index.php\/wp-json\/wp\/v2\/posts\/39410\/revisions"}],"predecessor-version":[{"id":39412,"href":"https:\/\/vocesdebaires.com.ar\/index.php\/wp-json\/wp\/v2\/posts\/39410\/revisions\/39412"}],"wp:featuredmedia":[{"embeddable":true,"href":"https:\/\/vocesdebaires.com.ar\/index.php\/wp-json\/wp\/v2\/media\/39411"}],"wp:attachment":[{"href":"https:\/\/vocesdebaires.com.ar\/index.php\/wp-json\/wp\/v2\/media?parent=39410"}],"wp:term":[{"taxonomy":"category","embeddable":true,"href":"https:\/\/vocesdebaires.com.ar\/index.php\/wp-json\/wp\/v2\/categories?post=39410"},{"taxonomy":"post_tag","embeddable":true,"href":"https:\/\/vocesdebaires.com.ar\/index.php\/wp-json\/wp\/v2\/tags?post=39410"}],"curies":[{"name":"wp","href":"https:\/\/api.w.org\/{rel}","templated":true}]}}