{"id":39413,"date":"2022-07-19T00:30:11","date_gmt":"2022-07-19T03:30:11","guid":{"rendered":"https:\/\/vocesdebaires.com.ar\/?p=39413"},"modified":"2022-07-19T00:30:11","modified_gmt":"2022-07-19T03:30:11","slug":"el-embajador-de-alemania-visito-la-legislatura-portena","status":"publish","type":"post","link":"https:\/\/vocesdebaires.com.ar\/index.php\/2022\/07\/19\/el-embajador-de-alemania-visito-la-legislatura-portena\/","title":{"rendered":"El embajador de Alemania visit\u00f3 la Legislatura porte\u00f1a"},"content":{"rendered":"<p>La Legislatura de la Ciudad recibi\u00f3 al embajador de Alemania en la Argentina, Dr. Ulrich Sante, ayer lunes por la tarde, en el sal\u00f3n Eva Per\u00f3n. De la actividad participaron el vicepresidente 1\u00b0 de la casa, el legislador Emmanuel Ferrario; el jefe de Asuntos Pol\u00edticos de la embajada germana, Philipp Herzog, y los legisladores locales Esteban Garrido, Paola Michielotto, Mar\u00eda Luisa Estevarena (VJ) y Lucio Lape\u00f1a (UCR). El legislador porte\u00f1o Ferrario dio la bienvenida a Sante y declar\u00f3: \u201cEs muy importante recibirlos. Sabemos que tenemos una relaci\u00f3n de a\u00f1os y para nosotros es fundamental contar con agendas similares\u201d.<\/p>\n<p>Por su parte, el embajador se mostr\u00f3 agradecido a la vez que reconoci\u00f3 la importancia de la \u201chermandad\u201d entre la Ciudad Aut\u00f3noma de Buenos Aires y Berl\u00edn. \u201cPara nosotros, Argentina es un territorio natural\u201d, agreg\u00f3 en relaci\u00f3n a las ideas democr\u00e1ticas y sus lazos con dichos procesos. En tanto, la legisladora Estevarena aludi\u00f3 al trabajo hecho en plena pandemia, donde la Legislatura continu\u00f3 con sus actividades. \u201cTrabajamos en tender puentes y somos ejemplo\u201d, afirm\u00f3. Otro de los temas abordados en la reuni\u00f3n fue el medio ambiente y las energ\u00edas renovables. En este sentido, Herzog inform\u00f3 que est\u00e1n trabajando en hacer \u201cla econom\u00eda alemana 100% renovable\u201d, como la producci\u00f3n de hidr\u00f3geno verde. Al respecto, la diputada Michielotto dijo: \u201casumimos el compromiso de reducir la huella de carbono. Tenemos un gran desaf\u00edo por delante\u201d.<\/p>\n","protected":false},"excerpt":{"rendered":"<p>La Legislatura de la Ciudad recibi\u00f3 al embajador de Alemania en la Argentina, Dr. Ulrich Sante, ayer lunes por la tarde, en el sal\u00f3n Eva Per\u00f3n. De la actividad participaron el vicepresidente 1\u00b0 de la casa, el legislador Emmanuel Ferrario; el jefe de Asuntos Pol\u00edticos de la embajada germana, Philipp Herzog, y los legisladores locales [&hellip;]<\/p>\n","protected":false},"author":2,"featured_media":39414,"comment_status":"open","ping_status":"open","sticky":false,"template":"","format":"standard","meta":{"_et_pb_use_builder":"","_et_pb_old_content":"","_et_gb_content_width":"","footnotes":""},"categories":[11,33],"tags":[],"class_list":["post-39413","post","type-post","status-publish","format-standard","has-post-thumbnail","hentry","category-ciudad","category-sociedad-y-cultura-2"],"_links":{"self":[{"href":"https:\/\/vocesdebaires.com.ar\/index.php\/wp-json\/wp\/v2\/posts\/39413"}],"collection":[{"href":"https:\/\/vocesdebaires.com.ar\/index.php\/wp-json\/wp\/v2\/posts"}],"about":[{"href":"https:\/\/vocesdebaires.com.ar\/index.php\/wp-json\/wp\/v2\/types\/post"}],"author":[{"embeddable":true,"href":"https:\/\/vocesdebaires.com.ar\/index.php\/wp-json\/wp\/v2\/users\/2"}],"replies":[{"embeddable":true,"href":"https:\/\/vocesdebaires.com.ar\/index.php\/wp-json\/wp\/v2\/comments?post=39413"}],"version-history":[{"count":1,"href":"https:\/\/vocesdebaires.com.ar\/index.php\/wp-json\/wp\/v2\/posts\/39413\/revisions"}],"predecessor-version":[{"id":39415,"href":"https:\/\/vocesdebaires.com.ar\/index.php\/wp-json\/wp\/v2\/posts\/39413\/revisions\/39415"}],"wp:featuredmedia":[{"embeddable":true,"href":"https:\/\/vocesdebaires.com.ar\/index.php\/wp-json\/wp\/v2\/media\/39414"}],"wp:attachment":[{"href":"https:\/\/vocesdebaires.com.ar\/index.php\/wp-json\/wp\/v2\/media?parent=39413"}],"wp:term":[{"taxonomy":"category","embeddable":true,"href":"https:\/\/vocesdebaires.com.ar\/index.php\/wp-json\/wp\/v2\/categories?post=39413"},{"taxonomy":"post_tag","embeddable":true,"href":"https:\/\/vocesdebaires.com.ar\/index.php\/wp-json\/wp\/v2\/tags?post=39413"}],"curies":[{"name":"wp","href":"https:\/\/api.w.org\/{rel}","templated":true}]}}