{"id":39416,"date":"2022-07-19T00:32:27","date_gmt":"2022-07-19T03:32:27","guid":{"rendered":"https:\/\/vocesdebaires.com.ar\/?p=39416"},"modified":"2022-07-19T00:32:48","modified_gmt":"2022-07-19T03:32:48","slug":"amiaen-un-emotivo-y-masivo-acto-sobre-la-calle-pasteur","status":"publish","type":"post","link":"https:\/\/vocesdebaires.com.ar\/index.php\/2022\/07\/19\/amiaen-un-emotivo-y-masivo-acto-sobre-la-calle-pasteur\/","title":{"rendered":"AMIA:En un emotivo y masivo acto sobre la calle Pasteur"},"content":{"rendered":"<p>Una multitud acompa\u00f1\u00f3,ayer, el reclamo de justicia y el homenaje a las 85 v\u00edctimas fatales del atentado terrorista perpetrado el 18 de julio de 1994, en el Acto Central que se realiz\u00f3 frente a la sede de la AMIA, en Pasteur 633, a 28 a\u00f1os de perpetrada la masacre terrorista. Con la conducci\u00f3n de la periodista Gisela Busaniche, el acto tuvo como principales oradores a Amos Linetzky, presidente de AMIA; Anita Weinstein, sobreviviente del atentado; y a tres familiares de v\u00edctimas fatales: Sof\u00eda Guterman, mam\u00e1 de Andrea; Jennifer Dub\u00edn, hija de Norberto; y Marina Degtiar, hermana de Cristian. \u201c\u00bfC\u00f3mo se explica tanta impunidad? La causa AMIA es uno de los reflejos m\u00e1s vergonzosos de la historia argentina.<\/p>\n<p>Una de las grandes deudas de nuestra democracia. Una imagen que detestamos mirar porque nos muestra un fracaso humillante\u201d, asever\u00f3 el presidente de AMIA, Amos Linetzky al subir al escenario para compartir su discurso. \u201cSigue transcurriendo el tiempo y continuamos sin avances en la investigaci\u00f3n del peor atentado terrorista sufrido en nuestro pa\u00eds. \u00bfCu\u00e1ndo fue la \u00faltima vez que la Fiscal\u00eda especial, a cargo de los fiscales Sebasti\u00e1n Basso y Gonzalo Miranda produjo al menos una novedad en la causa? No estamos al tanto de que les hayan quitado recursos. Entonces, \u00bfa qu\u00e9 dedican sus jornadas ocupando una de las Fiscal\u00edas m\u00e1s grandes del pa\u00eds?\u201d, interrog\u00f3 Linetzky en su mensaje.<\/p>\n<p>\u201cEst\u00e1 clara la responsabilidad en el atentado de altos funcionarios del gobierno iran\u00ed de aquella \u00e9poca, como as\u00ed tambi\u00e9n de miembros operativos del Hezbollah\u201d, record\u00f3. \u201cEstas personas tienen pedidos de captura internacional, y no deber\u00edan poder salir de las fronteras de los pa\u00edses que los protegen\u201d. \u201c Entre otras cosas, los Fiscales tienen la obligaci\u00f3n de monitorear en forma permanente los movimientos de los acusados que tienen pedido de captura internacional. Cuando abandonan el territorio de Ir\u00e1n y El L\u00edbano, deber\u00edan ser arrestados. Sabemos, hemos visto todos, que varios de los acusados viajan libremente por distintos pa\u00edses\u201d, denunci\u00f3.<\/p>\n","protected":false},"excerpt":{"rendered":"<p>Una multitud acompa\u00f1\u00f3,ayer, el reclamo de justicia y el homenaje a las 85 v\u00edctimas fatales del atentado terrorista perpetrado el 18 de julio de 1994, en el Acto Central que se realiz\u00f3 frente a la sede de la AMIA, en Pasteur 633, a 28 a\u00f1os de perpetrada la masacre terrorista. Con la conducci\u00f3n de la [&hellip;]<\/p>\n","protected":false},"author":2,"featured_media":39417,"comment_status":"open","ping_status":"open","sticky":false,"template":"","format":"standard","meta":{"_et_pb_use_builder":"","_et_pb_old_content":"","_et_gb_content_width":"","footnotes":""},"categories":[11,33],"tags":[],"class_list":["post-39416","post","type-post","status-publish","format-standard","has-post-thumbnail","hentry","category-ciudad","category-sociedad-y-cultura-2"],"_links":{"self":[{"href":"https:\/\/vocesdebaires.com.ar\/index.php\/wp-json\/wp\/v2\/posts\/39416"}],"collection":[{"href":"https:\/\/vocesdebaires.com.ar\/index.php\/wp-json\/wp\/v2\/posts"}],"about":[{"href":"https:\/\/vocesdebaires.com.ar\/index.php\/wp-json\/wp\/v2\/types\/post"}],"author":[{"embeddable":true,"href":"https:\/\/vocesdebaires.com.ar\/index.php\/wp-json\/wp\/v2\/users\/2"}],"replies":[{"embeddable":true,"href":"https:\/\/vocesdebaires.com.ar\/index.php\/wp-json\/wp\/v2\/comments?post=39416"}],"version-history":[{"count":2,"href":"https:\/\/vocesdebaires.com.ar\/index.php\/wp-json\/wp\/v2\/posts\/39416\/revisions"}],"predecessor-version":[{"id":39419,"href":"https:\/\/vocesdebaires.com.ar\/index.php\/wp-json\/wp\/v2\/posts\/39416\/revisions\/39419"}],"wp:featuredmedia":[{"embeddable":true,"href":"https:\/\/vocesdebaires.com.ar\/index.php\/wp-json\/wp\/v2\/media\/39417"}],"wp:attachment":[{"href":"https:\/\/vocesdebaires.com.ar\/index.php\/wp-json\/wp\/v2\/media?parent=39416"}],"wp:term":[{"taxonomy":"category","embeddable":true,"href":"https:\/\/vocesdebaires.com.ar\/index.php\/wp-json\/wp\/v2\/categories?post=39416"},{"taxonomy":"post_tag","embeddable":true,"href":"https:\/\/vocesdebaires.com.ar\/index.php\/wp-json\/wp\/v2\/tags?post=39416"}],"curies":[{"name":"wp","href":"https:\/\/api.w.org\/{rel}","templated":true}]}}