{"id":39424,"date":"2022-07-20T00:40:40","date_gmt":"2022-07-20T03:40:40","guid":{"rendered":"https:\/\/vocesdebaires.com.ar\/?p=39424"},"modified":"2022-07-20T00:41:44","modified_gmt":"2022-07-20T03:41:44","slug":"complejoteatro-san-martinlanzo-en-las-vacaciones-de-inviernovisita-guiada","status":"publish","type":"post","link":"https:\/\/vocesdebaires.com.ar\/index.php\/2022\/07\/20\/complejoteatro-san-martinlanzo-en-las-vacaciones-de-inviernovisita-guiada\/","title":{"rendered":"Teatro San Mart\u00edn,lanz\u00f3 en las Vacaciones de invierno,visita guiada"},"content":{"rendered":"<p>El Ministerio de Cultura, a trav\u00e9s del Complejo Teatral de Buenos Aires, lanz\u00f3 para estas Vacaciones de invierno una nueva visita guiada al Teatro San Mart\u00edn. Se trata de un recorrido en formato virtual de \u201cdise\u00f1o universal\u201d, es decir pensado para todos los p\u00fablicos con o sin discapacidad. Fue filmado con c\u00e1maras 360\u00b0 y conduce al espectador a los espacios m\u00e1s significativos del Teatro; entre otros, las salas, los talleres y las \u00e1reas t\u00e9cnicas, en los cuales se recrea su funcionamiento y actividad habitual.<\/p>\n<p>La visita est\u00e1 \u00edntegramente interpretada en lengua de se\u00f1as (LSA), adem\u00e1s de contar con subt\u00edtulos en espa\u00f1ol e ingl\u00e9s y descripciones integradas en el gui\u00f3n, y se suma a todas las actividades programadas para las Vacaciones de invierno. En este caso se puede disfrutar ingresando a www.complejoteatral.gob.ar. No hace falta acercarse al Teatro, basta con acceder desde un dispositivo y disponerse a explorar este emblem\u00e1tico espacio art\u00edstico, lleno de historia y de sorpresas. A lo largo de la visita se recorren la boleter\u00eda, el Hall Alfredo Alc\u00f3n, el Hall y la Sala Mart\u00edn Coronado, el Hall y la Sala Casacuberta, el Hall y la Sala Cunill Cabanellas, el Hall y la Sala Leopoldo Lugones, los sectores de Sastrer\u00eda, Escenograf\u00eda, Maquinaria y Carpinter\u00eda, y el Centro de Vestuario.<\/p>\n","protected":false},"excerpt":{"rendered":"<p>El Ministerio de Cultura, a trav\u00e9s del Complejo Teatral de Buenos Aires, lanz\u00f3 para estas Vacaciones de invierno una nueva visita guiada al Teatro San Mart\u00edn. Se trata de un recorrido en formato virtual de \u201cdise\u00f1o universal\u201d, es decir pensado para todos los p\u00fablicos con o sin discapacidad. Fue filmado con c\u00e1maras 360\u00b0 y conduce [&hellip;]<\/p>\n","protected":false},"author":2,"featured_media":39425,"comment_status":"open","ping_status":"open","sticky":false,"template":"","format":"standard","meta":{"_et_pb_use_builder":"","_et_pb_old_content":"","_et_gb_content_width":"","footnotes":""},"categories":[11,33],"tags":[],"class_list":["post-39424","post","type-post","status-publish","format-standard","has-post-thumbnail","hentry","category-ciudad","category-sociedad-y-cultura-2"],"_links":{"self":[{"href":"https:\/\/vocesdebaires.com.ar\/index.php\/wp-json\/wp\/v2\/posts\/39424"}],"collection":[{"href":"https:\/\/vocesdebaires.com.ar\/index.php\/wp-json\/wp\/v2\/posts"}],"about":[{"href":"https:\/\/vocesdebaires.com.ar\/index.php\/wp-json\/wp\/v2\/types\/post"}],"author":[{"embeddable":true,"href":"https:\/\/vocesdebaires.com.ar\/index.php\/wp-json\/wp\/v2\/users\/2"}],"replies":[{"embeddable":true,"href":"https:\/\/vocesdebaires.com.ar\/index.php\/wp-json\/wp\/v2\/comments?post=39424"}],"version-history":[{"count":2,"href":"https:\/\/vocesdebaires.com.ar\/index.php\/wp-json\/wp\/v2\/posts\/39424\/revisions"}],"predecessor-version":[{"id":39427,"href":"https:\/\/vocesdebaires.com.ar\/index.php\/wp-json\/wp\/v2\/posts\/39424\/revisions\/39427"}],"wp:featuredmedia":[{"embeddable":true,"href":"https:\/\/vocesdebaires.com.ar\/index.php\/wp-json\/wp\/v2\/media\/39425"}],"wp:attachment":[{"href":"https:\/\/vocesdebaires.com.ar\/index.php\/wp-json\/wp\/v2\/media?parent=39424"}],"wp:term":[{"taxonomy":"category","embeddable":true,"href":"https:\/\/vocesdebaires.com.ar\/index.php\/wp-json\/wp\/v2\/categories?post=39424"},{"taxonomy":"post_tag","embeddable":true,"href":"https:\/\/vocesdebaires.com.ar\/index.php\/wp-json\/wp\/v2\/tags?post=39424"}],"curies":[{"name":"wp","href":"https:\/\/api.w.org\/{rel}","templated":true}]}}