{"id":3943,"date":"2019-10-11T03:00:00","date_gmt":"2019-10-11T06:00:00","guid":{"rendered":"http:\/\/vocesdebaires.com.ar\/wordpress\/index.php\/2019\/10\/11\/interes-cultural-el-castillo-de-sandro\/"},"modified":"2019-10-11T03:00:00","modified_gmt":"2019-10-11T06:00:00","slug":"interes-cultural-el-castillo-de-sandro","status":"publish","type":"post","link":"https:\/\/vocesdebaires.com.ar\/index.php\/2019\/10\/11\/interes-cultural-el-castillo-de-sandro\/","title":{"rendered":"Inter\u00e9s Cultural: El Castillo de Sandro"},"content":{"rendered":"<p>La Legislatura de la Ciudad Aut\u00f3noma de Buenos Aires declar\u00f3 Sitio de Inter\u00e9s Cultural a &quot;El Castillo de Sandro&quot; que se encuentra en la avenida Pav\u00f3n N\u00b0 3.939, casi esquina Virrey Liniers -Comuna 3, donde se colocar\u00e1 una placa de bronce, seg\u00fan dispuso una resoluci\u00f3n aprobada hoy jueves. La iniciativa del legislador\u00a0 Omar Abboud (VJ) tuvo despacho de la Comisi\u00f3n de Cultura.Los bi\u00f3grafos del cantante Roberto S\u00e1nchez, conocido como \u201cSandro de Am\u00e9rica\u201d relatan que en 1979 recorriendo ese sector vi\u00f3 la luna llena posada sobre una casona antigua e imagin\u00f3 un espacio donde materializar su arte. Al a\u00f1o siguiente compr\u00f3 la antigua casa, la hizo demoler y dise\u00f1\u00f3 personalmente el \u201ccastillo\u201d que hizo construir. Localizado en el barrio de Boedo fue sede de su discogr\u00e1fica, lugar de sus ensayos, oficina personal y de su representante Aldo Aresi.<\/p>\n<p>Se trata de un edificio de 850 m2 cubiertos, desarrollado en dos plantas, con desniveles y vitreaux. Est\u00e1 rematado con una torre almenada y aberturas ojivales, una mezcla de estilos moriscos y espa\u00f1oles que le dan el aspecto de castillo. La \u00faltima vez que lo habit\u00f3 Sandro fue en el a\u00f1o 2003 cuando realiz\u00f3 los ensayos y grabaciones de \u201cEl hombre de la rosa\u201d. Roberto S\u00e1nchez public\u00f3 52 discos y vendi\u00f3 al menos ocho millones de copias. Su tema \u201cTengo\u201d fue considerado por la revista Rolling Stone y la cadena televisiva MTV como el N\u00b0 15 entre los 100 mejores temas del rock argentino. Actu\u00f3 en 16 pel\u00edculas y fue el primer latinoamericano en cantar en el Madison Square Garden. En 2005 recibi\u00f3 un Grammy Latino.<\/p>\n<p>Su historia tambi\u00e9n se vincula con la industria del disco en su etapa formativa en toda Am\u00e9rica Latina, en los a\u00f1os 60. Naci\u00f3 el 19 de agosto de 1945 en la Ciudad de Buenos Aires. Durante su ni\u00f1ez y adolescencia vivi\u00f3 en Valent\u00edn Alsina y m\u00e1s tarde compr\u00f3 una residencia en Banfield, ambas localidades bonaerenses. Su abuelo paterno de apellido PopInter\u00e9s Cultural: El Castillo de Sandro ad\u00f3pulos, era de origen h\u00fangaro, pero al migrar a Espa\u00f1a lo cambi\u00f3 a Privadillas. Como pertenec\u00eda al pueblo Rom su nieto recibi\u00f3 el apodo de \u201cEl Gitano\u201d. Cuando naci\u00f3, sus padres quisieron llamarlo Sandro, pero como en ese momento no era un nombre permitido por el Registro Civil, lo llamaron Roberto.<\/p>\n","protected":false},"excerpt":{"rendered":"<p>La Legislatura de la Ciudad Aut\u00f3noma de Buenos Aires declar\u00f3 Sitio de Inter\u00e9s Cultural a &quot;El Castillo de Sandro&quot; que se encuentra en la avenida Pav\u00f3n N\u00b0 3.939, casi esquina Virrey Liniers -Comuna 3, donde se colocar\u00e1 una placa de bronce, seg\u00fan dispuso una resoluci\u00f3n aprobada hoy jueves. La iniciativa del legislador\u00a0 Omar Abboud (VJ) [&hellip;]<\/p>\n","protected":false},"author":1,"featured_media":3944,"comment_status":"open","ping_status":"open","sticky":false,"template":"","format":"standard","meta":{"_et_pb_use_builder":"","_et_pb_old_content":"","_et_gb_content_width":"","footnotes":""},"categories":[11,32],"tags":[],"class_list":["post-3943","post","type-post","status-publish","format-standard","has-post-thumbnail","hentry","category-ciudad","category-comunas"],"_links":{"self":[{"href":"https:\/\/vocesdebaires.com.ar\/index.php\/wp-json\/wp\/v2\/posts\/3943"}],"collection":[{"href":"https:\/\/vocesdebaires.com.ar\/index.php\/wp-json\/wp\/v2\/posts"}],"about":[{"href":"https:\/\/vocesdebaires.com.ar\/index.php\/wp-json\/wp\/v2\/types\/post"}],"author":[{"embeddable":true,"href":"https:\/\/vocesdebaires.com.ar\/index.php\/wp-json\/wp\/v2\/users\/1"}],"replies":[{"embeddable":true,"href":"https:\/\/vocesdebaires.com.ar\/index.php\/wp-json\/wp\/v2\/comments?post=3943"}],"version-history":[{"count":0,"href":"https:\/\/vocesdebaires.com.ar\/index.php\/wp-json\/wp\/v2\/posts\/3943\/revisions"}],"wp:featuredmedia":[{"embeddable":true,"href":"https:\/\/vocesdebaires.com.ar\/index.php\/wp-json\/wp\/v2\/media\/3944"}],"wp:attachment":[{"href":"https:\/\/vocesdebaires.com.ar\/index.php\/wp-json\/wp\/v2\/media?parent=3943"}],"wp:term":[{"taxonomy":"category","embeddable":true,"href":"https:\/\/vocesdebaires.com.ar\/index.php\/wp-json\/wp\/v2\/categories?post=3943"},{"taxonomy":"post_tag","embeddable":true,"href":"https:\/\/vocesdebaires.com.ar\/index.php\/wp-json\/wp\/v2\/tags?post=3943"}],"curies":[{"name":"wp","href":"https:\/\/api.w.org\/{rel}","templated":true}]}}