{"id":39432,"date":"2022-07-20T00:49:28","date_gmt":"2022-07-20T03:49:28","guid":{"rendered":"https:\/\/vocesdebaires.com.ar\/?p=39432"},"modified":"2022-07-20T00:49:28","modified_gmt":"2022-07-20T03:49:28","slug":"amiaciudad-comenzo-el-4-encuentro-internacional-de-educacion-judia","status":"publish","type":"post","link":"https:\/\/vocesdebaires.com.ar\/index.php\/2022\/07\/20\/amiaciudad-comenzo-el-4-encuentro-internacional-de-educacion-judia\/","title":{"rendered":"AMIA:Ciudad Comenz\u00f3 el 4\u00b0 Encuentro Internacional de Educaci\u00f3n Jud\u00eda"},"content":{"rendered":"<p>Con m\u00e1s de 1.400 docentes inscriptos, comenz\u00f3\u00a0 lunes , en Buenos Aires, el 4\u00b0 Encuentro Internacional de Educaci\u00f3n Jud\u00eda, organizado por el Vaad Hajinuj de AMIA, la Organizaci\u00f3n Sionista Mundial, a trav\u00e9s de sus departamentos de Emprendimientos Sionistas, Educaci\u00f3n, y Hebreo y Cultura Jud\u00eda, y United, un proyecto del Estado de Israel para favorecer la educaci\u00f3n jud\u00eda en la Di\u00e1spora. Bajo el lema \u201cCreando espacios de oportunidad en un mundo cambiante\u201d, las jornadas se desarrollar\u00e1n hasta\u00a0 hoy, en el colegio Martin Buber, con un programa que incluir\u00e1 a 36 prestigiosos disertantes de la Argentina y de Israel.<\/p>\n<p>Se trata de un encuentro de gran relevancia que se propone brindar herramientas, din\u00e1micas, y espacios de reflexi\u00f3n para capacitar, compartir experiencias, inspirar y contribuir a fortalecer la educaci\u00f3n jud\u00eda. Moderado por Ariela Judkovski, en el plenario de apertura las tem\u00e1ticas que se desarrollaron fueron \u201cTransformaciones de la educaci\u00f3n: \u00bfQu\u00e9 hemos aprendido de la pandemia?\u201d, a cargo de Axel Rivas, y \u201cDerribando las murallas\u201d, con el israel\u00ed Shai Piron, ex ministro de Educaci\u00f3n de Israel. En el cierre del congreso, se realizar\u00e1 la conferencia .<\/p>\n<p>\u201cLos grandes problemas del mundo, la respuesta del sistema educativo\u201d, en la que disertar\u00e1 Piron, y \u201cSobre las palabras y las cosas\u201d, con Graciela Frigerio y Bernardo Blejmar. Adem\u00e1s de los plenarios, durante los dos d\u00edas, los docentes podr\u00e1n participar de los diversos talleres, con reconocidos expositores, en los que se compartir\u00e1n distintas experiencias educativas, metodolog\u00edas y recursos innovadores para la ense\u00f1anza, y se reflexionar\u00e1 sobre el futuro de la educaci\u00f3n jud\u00eda y de la educaci\u00f3n general.<\/p>\n","protected":false},"excerpt":{"rendered":"<p>Con m\u00e1s de 1.400 docentes inscriptos, comenz\u00f3\u00a0 lunes , en Buenos Aires, el 4\u00b0 Encuentro Internacional de Educaci\u00f3n Jud\u00eda, organizado por el Vaad Hajinuj de AMIA, la Organizaci\u00f3n Sionista Mundial, a trav\u00e9s de sus departamentos de Emprendimientos Sionistas, Educaci\u00f3n, y Hebreo y Cultura Jud\u00eda, y United, un proyecto del Estado de Israel para favorecer la [&hellip;]<\/p>\n","protected":false},"author":2,"featured_media":39433,"comment_status":"open","ping_status":"open","sticky":false,"template":"","format":"standard","meta":{"_et_pb_use_builder":"","_et_pb_old_content":"","_et_gb_content_width":"","footnotes":""},"categories":[11,33],"tags":[],"class_list":["post-39432","post","type-post","status-publish","format-standard","has-post-thumbnail","hentry","category-ciudad","category-sociedad-y-cultura-2"],"_links":{"self":[{"href":"https:\/\/vocesdebaires.com.ar\/index.php\/wp-json\/wp\/v2\/posts\/39432"}],"collection":[{"href":"https:\/\/vocesdebaires.com.ar\/index.php\/wp-json\/wp\/v2\/posts"}],"about":[{"href":"https:\/\/vocesdebaires.com.ar\/index.php\/wp-json\/wp\/v2\/types\/post"}],"author":[{"embeddable":true,"href":"https:\/\/vocesdebaires.com.ar\/index.php\/wp-json\/wp\/v2\/users\/2"}],"replies":[{"embeddable":true,"href":"https:\/\/vocesdebaires.com.ar\/index.php\/wp-json\/wp\/v2\/comments?post=39432"}],"version-history":[{"count":1,"href":"https:\/\/vocesdebaires.com.ar\/index.php\/wp-json\/wp\/v2\/posts\/39432\/revisions"}],"predecessor-version":[{"id":39434,"href":"https:\/\/vocesdebaires.com.ar\/index.php\/wp-json\/wp\/v2\/posts\/39432\/revisions\/39434"}],"wp:featuredmedia":[{"embeddable":true,"href":"https:\/\/vocesdebaires.com.ar\/index.php\/wp-json\/wp\/v2\/media\/39433"}],"wp:attachment":[{"href":"https:\/\/vocesdebaires.com.ar\/index.php\/wp-json\/wp\/v2\/media?parent=39432"}],"wp:term":[{"taxonomy":"category","embeddable":true,"href":"https:\/\/vocesdebaires.com.ar\/index.php\/wp-json\/wp\/v2\/categories?post=39432"},{"taxonomy":"post_tag","embeddable":true,"href":"https:\/\/vocesdebaires.com.ar\/index.php\/wp-json\/wp\/v2\/tags?post=39432"}],"curies":[{"name":"wp","href":"https:\/\/api.w.org\/{rel}","templated":true}]}}