{"id":39435,"date":"2022-07-20T00:51:51","date_gmt":"2022-07-20T03:51:51","guid":{"rendered":"https:\/\/vocesdebaires.com.ar\/?p=39435"},"modified":"2022-07-20T00:51:51","modified_gmt":"2022-07-20T03:51:51","slug":"larreta-participo-de-la-apertura-de-la-exposicion-rural-2022","status":"publish","type":"post","link":"https:\/\/vocesdebaires.com.ar\/index.php\/2022\/07\/20\/larreta-participo-de-la-apertura-de-la-exposicion-rural-2022\/","title":{"rendered":"Larreta particip\u00f3 de la apertura de la Exposici\u00f3n Rural 2022"},"content":{"rendered":"<p>El jefe de Gobierno porte\u00f1o, Horacio Rodr\u00edguez Larreta, particip\u00f3 este martes de la apertura de la 134\u00aa Exposici\u00f3n de ganader\u00eda, agricultura e industria nacional en Palermo y dijo: \u201cEl Gobierno nacional le hace la vida imposible a los productores con sus medidas. El campo es el coraz\u00f3n de nuestra econom\u00eda, el campo es la Argentina\u201d. En esa misma l\u00ednea, profundiz\u00f3: \u201cTenemos que parar con las medidas que deterioran al campo y atentan contra nuestro crecimiento. A todo esto se suma la falta de certezas, la incertidumbre, la ausencia de un rumbo econ\u00f3mico y de un plan\u201d.<\/p>\n<p>Rodr\u00edguez Larreta enumer\u00f3 las medidas y las calific\u00f3 como \u201cautodestructivas\u201d. Mencion\u00f3 que \u201clos derechos de exportaci\u00f3n confiscan los resultados que los productores merecen despu\u00e9s de mucho esfuerzo y trabajo; y que necesitan para reinvertir en el pr\u00f3ximo ciclo\u00bb. Y adelant\u00f3: \u00abNo vamos a acompa\u00f1ar ninguna suba de derechos de exportaci\u00f3n, creemos en ir hacia el equilibrio fiscal para poder bajar el gasto y bajar impuestos\u201d.Tambi\u00e9n se manifest\u00f3 en contra de los cepos a la exportaci\u00f3n y los l\u00edmites a las importaciones: \u201cLa Argentina necesita exportar m\u00e1s, no menos. Si dejamos de venderle al mundo, perdemos mercados que despu\u00e9s ocupan otros pa\u00edses.<\/p>\n<p>El a\u00f1o pasado las exportaciones argentinas de carne bovina congelada cayeron 8,3%.\u00a0 Las uruguayas, en cambio, subieron 55%. Es doloroso\u201d. En cuanto al lugar central que ocupa el campo en la econom\u00eda destac\u00f3 que \u201caporta 1 de cada 4 pesos que recauda el Estado nacional\u201d, y subray\u00f3 que \u201cal campo no hay que darle privilegios ni guiarlo, solo hay que dejarlo ser\u201d. \u201cHace falta un gobierno que vea en el campo un aliado para el desarrollo, un motor productivo que es parte de la soluci\u00f3n y no del problema, y que tenga un plan para que el campo pueda crecer\u201d, puntualiz\u00f3.<\/p>\n<p>El mandatario precis\u00f3 que el plan debe basarse en cuatro pilares: la estabilizaci\u00f3n de la econom\u00eda; el mantenimiento de las condiciones econ\u00f3micas en el tiempo para que brinden previsibilidad y reglas de juego claras; la inversi\u00f3n en infraestructura; y que el pa\u00eds vuelva a ser parte del mundo. \u201cLa Argentina tiene que salir adelante con trabajo. Y para eso, tenemos que apostar por la producci\u00f3n y darle al campo el lugar que merece en el desarrollo del pa\u00eds. Cuando el campo crece, crecemos todos los argentinos\u201d, enfatiz\u00f3.<\/p>\n<p>Asimismo, se\u00f1al\u00f3 que los productores son \u201clos que generan miles y miles de millones de d\u00f3lares genuinos cada a\u00f1o y que emplean, directa o indirectamente a 3.7 millones de personas, casi un cuarto del empleo privado argentino\u201d. Por \u00faltimo, resalt\u00f3 que la exposici\u00f3n es un \u201cverdadero ejemplo de federalismo\u201d, y continu\u00f3, \u201cno hay territorio argentino en el que no se produzca algo, en el que no se aproveche la riqueza de nuestro suelo para generar trabajo y crecimiento\u201d.<\/p>\n<p>Fotos: Walter Carrera\/GCBA<\/p>\n","protected":false},"excerpt":{"rendered":"<p>El jefe de Gobierno porte\u00f1o, Horacio Rodr\u00edguez Larreta, particip\u00f3 este martes de la apertura de la 134\u00aa Exposici\u00f3n de ganader\u00eda, agricultura e industria nacional en Palermo y dijo: \u201cEl Gobierno nacional le hace la vida imposible a los productores con sus medidas. El campo es el coraz\u00f3n de nuestra econom\u00eda, el campo es la Argentina\u201d. [&hellip;]<\/p>\n","protected":false},"author":2,"featured_media":39436,"comment_status":"open","ping_status":"open","sticky":false,"template":"","format":"standard","meta":{"_et_pb_use_builder":"","_et_pb_old_content":"","_et_gb_content_width":"","footnotes":""},"categories":[11,33],"tags":[],"class_list":["post-39435","post","type-post","status-publish","format-standard","has-post-thumbnail","hentry","category-ciudad","category-sociedad-y-cultura-2"],"_links":{"self":[{"href":"https:\/\/vocesdebaires.com.ar\/index.php\/wp-json\/wp\/v2\/posts\/39435"}],"collection":[{"href":"https:\/\/vocesdebaires.com.ar\/index.php\/wp-json\/wp\/v2\/posts"}],"about":[{"href":"https:\/\/vocesdebaires.com.ar\/index.php\/wp-json\/wp\/v2\/types\/post"}],"author":[{"embeddable":true,"href":"https:\/\/vocesdebaires.com.ar\/index.php\/wp-json\/wp\/v2\/users\/2"}],"replies":[{"embeddable":true,"href":"https:\/\/vocesdebaires.com.ar\/index.php\/wp-json\/wp\/v2\/comments?post=39435"}],"version-history":[{"count":1,"href":"https:\/\/vocesdebaires.com.ar\/index.php\/wp-json\/wp\/v2\/posts\/39435\/revisions"}],"predecessor-version":[{"id":39437,"href":"https:\/\/vocesdebaires.com.ar\/index.php\/wp-json\/wp\/v2\/posts\/39435\/revisions\/39437"}],"wp:featuredmedia":[{"embeddable":true,"href":"https:\/\/vocesdebaires.com.ar\/index.php\/wp-json\/wp\/v2\/media\/39436"}],"wp:attachment":[{"href":"https:\/\/vocesdebaires.com.ar\/index.php\/wp-json\/wp\/v2\/media?parent=39435"}],"wp:term":[{"taxonomy":"category","embeddable":true,"href":"https:\/\/vocesdebaires.com.ar\/index.php\/wp-json\/wp\/v2\/categories?post=39435"},{"taxonomy":"post_tag","embeddable":true,"href":"https:\/\/vocesdebaires.com.ar\/index.php\/wp-json\/wp\/v2\/tags?post=39435"}],"curies":[{"name":"wp","href":"https:\/\/api.w.org\/{rel}","templated":true}]}}