{"id":39443,"date":"2022-07-22T00:00:12","date_gmt":"2022-07-22T03:00:12","guid":{"rendered":"https:\/\/vocesdebaires.com.ar\/?p=39443"},"modified":"2022-07-21T18:20:38","modified_gmt":"2022-07-21T21:20:38","slug":"se-lanzo-la-primera-encuesta-de-inquilinos-de-la-ciudad","status":"publish","type":"post","link":"https:\/\/vocesdebaires.com.ar\/index.php\/2022\/07\/22\/se-lanzo-la-primera-encuesta-de-inquilinos-de-la-ciudad\/","title":{"rendered":"Se lanz\u00f3 la primera encuesta de inquilinos de la Ciudad"},"content":{"rendered":"<p>El Instituto de Vivienda de la Ciudad de Buenos Aires, en conjunto con el Centro de Estudios Econ\u00f3micos Urbanos de la Universidad de San Mart\u00edn, lanz\u00f3 esta semana la primera encuesta de inquilinos en la Ciudad. El estudio se realiza en el marco del pr\u00e9stamo suscripto entre la Corporaci\u00f3n Andina de Fomento (CAF) y el IVC para el fortalecimiento institucional, con el objetivo de brindar m\u00e1s herramientas e informaci\u00f3n que permitan analizar la situaci\u00f3n actual de los inquilinos.<\/p>\n<p>\u201cLanzamos esta encuesta para tener datos de la situaci\u00f3n actual de los inquilinos e inquilinas de la Ciudad. Esto nos va a permitir dise\u00f1ar mejores pol\u00edticas p\u00fablicas y orientarlas de manera m\u00e1s efectiva\u201d, destac\u00f3 el presidente del IVC, Gabriel Mraida. Esta semana se iniciaron las encuestas de manera presencial a cientos de inquilinos de todos los barrios de la Ciudad de Buenos Aires. El relevamiento comprende todos los barrios agrupados en zona sur, centro y norte de la Ciudad, as\u00ed como tambi\u00e9n los barrios populares donde el IVC lleva adelante procesos de integraci\u00f3n socio-urbana.<\/p>\n<p>El estudio consta de 3 etapas, que se est\u00e1n llevando adelante a lo largo de 28 semanas. La primera consiste en la preparaci\u00f3n y desarrollo del marco conceptual, la segunda en la recolecci\u00f3n y procesamiento de datos, y la tercera en el an\u00e1lisis, interpretaci\u00f3n y presentaci\u00f3n de resultados. A trav\u00e9s de los resultados obtenidos, que ser\u00e1n publicados en el 2023, se podr\u00e1n identificar las necesidades y problem\u00e1ticas espec\u00edficas de la ciudad formal e informal, y entre los diferentes barrios en relaci\u00f3n con el mercado de alquileres. Con esta informaci\u00f3n se puede abordar las estrategias y gestiones necesarias para el dise\u00f1o efectivo de pol\u00edticas p\u00fablicas y poder evaluar su alcance.<\/p>\n<p>Adem\u00e1s de la muestra cuantitativa, el estudio tendr\u00e1 un enfoque cualitativo, en el cual se busca conocer las trayectorias habitacionales y transiciones de vivienda previas hasta llegar a la vivienda actual y los motivos por los cuales habitan en sus barrios; las condiciones actuales del alquiler; el conocimiento y acceso a cr\u00e9ditos, garant\u00edas bancarias y programas como Garant\u00eda +F\u00e1cil, entre otros; las expectativas de d\u00f3nde y c\u00f3mo se imaginan estar residiendo o habitando en a\u00f1os futuros; las preocupaciones, dificultades y demandas relacionadas a su situaci\u00f3n habitacional e inquilinato; las percepciones sobre los l\u00edmites o barreras al acceso al alquiler formal y\/o a la vivienda propia; y las opiniones sobre cu\u00e1les deber\u00edan ser las herramientas estatales para abordar la problem\u00e1tica de alquileres.<\/p>\n","protected":false},"excerpt":{"rendered":"<p>El Instituto de Vivienda de la Ciudad de Buenos Aires, en conjunto con el Centro de Estudios Econ\u00f3micos Urbanos de la Universidad de San Mart\u00edn, lanz\u00f3 esta semana la primera encuesta de inquilinos en la Ciudad. El estudio se realiza en el marco del pr\u00e9stamo suscripto entre la Corporaci\u00f3n Andina de Fomento (CAF) y el [&hellip;]<\/p>\n","protected":false},"author":3,"featured_media":39444,"comment_status":"open","ping_status":"open","sticky":false,"template":"","format":"standard","meta":{"_et_pb_use_builder":"","_et_pb_old_content":"","_et_gb_content_width":"","footnotes":""},"categories":[11,33],"tags":[],"class_list":["post-39443","post","type-post","status-publish","format-standard","has-post-thumbnail","hentry","category-ciudad","category-sociedad-y-cultura-2"],"_links":{"self":[{"href":"https:\/\/vocesdebaires.com.ar\/index.php\/wp-json\/wp\/v2\/posts\/39443"}],"collection":[{"href":"https:\/\/vocesdebaires.com.ar\/index.php\/wp-json\/wp\/v2\/posts"}],"about":[{"href":"https:\/\/vocesdebaires.com.ar\/index.php\/wp-json\/wp\/v2\/types\/post"}],"author":[{"embeddable":true,"href":"https:\/\/vocesdebaires.com.ar\/index.php\/wp-json\/wp\/v2\/users\/3"}],"replies":[{"embeddable":true,"href":"https:\/\/vocesdebaires.com.ar\/index.php\/wp-json\/wp\/v2\/comments?post=39443"}],"version-history":[{"count":1,"href":"https:\/\/vocesdebaires.com.ar\/index.php\/wp-json\/wp\/v2\/posts\/39443\/revisions"}],"predecessor-version":[{"id":39445,"href":"https:\/\/vocesdebaires.com.ar\/index.php\/wp-json\/wp\/v2\/posts\/39443\/revisions\/39445"}],"wp:featuredmedia":[{"embeddable":true,"href":"https:\/\/vocesdebaires.com.ar\/index.php\/wp-json\/wp\/v2\/media\/39444"}],"wp:attachment":[{"href":"https:\/\/vocesdebaires.com.ar\/index.php\/wp-json\/wp\/v2\/media?parent=39443"}],"wp:term":[{"taxonomy":"category","embeddable":true,"href":"https:\/\/vocesdebaires.com.ar\/index.php\/wp-json\/wp\/v2\/categories?post=39443"},{"taxonomy":"post_tag","embeddable":true,"href":"https:\/\/vocesdebaires.com.ar\/index.php\/wp-json\/wp\/v2\/tags?post=39443"}],"curies":[{"name":"wp","href":"https:\/\/api.w.org\/{rel}","templated":true}]}}