{"id":3945,"date":"2019-10-11T03:00:00","date_gmt":"2019-10-11T06:00:00","guid":{"rendered":"http:\/\/vocesdebaires.com.ar\/wordpress\/index.php\/2019\/10\/11\/excarcel-de-caseros-condonan-deuda\/"},"modified":"2019-10-11T03:00:00","modified_gmt":"2019-10-11T06:00:00","slug":"excarcel-de-caseros-condonan-deuda","status":"publish","type":"post","link":"https:\/\/vocesdebaires.com.ar\/index.php\/2019\/10\/11\/excarcel-de-caseros-condonan-deuda\/","title":{"rendered":"Exc\u00e1rcel de Caseros: Condonan deuda"},"content":{"rendered":"<p>Una ley sancionada ayer jueves con 50 votos y cinco abstenciones exime del pago de la deuda que en concepto de impuesto inmobiliario y contribuci\u00f3n por Alumbrado, Barrido y Limpieza, Mantenimiento y Conservaci\u00f3n de Sumideros mantiene el predio de la ex C\u00e1rcel de Caseros. Adem\u00e1s se propicia exceptuar al Estado Nacional del pago de los Derechos de Timbre de Catastro, Derechos de delineaci\u00f3n y construcci\u00f3n y Derechos relativos al registro de instalaciones.<\/p>\n<p>El proyecto enviado por el Poder Ejecutivo y despachado por la Comisi\u00f3n de Presupuesto y Hacienda explica que &quot;la condonaci\u00f3n se realiza con el objeto de realizar todas las gestiones correspondientes y transferir la Ex C\u00e1rcel de Caseros a la esfera de la Ciudad Aut\u00f3noma de Buenos Aires&quot;.<\/p>\n<p>Preocupaci\u00f3n por casos de sarampi\u00f3n<br \/>Sobre tablas, el Cuerpo aprob\u00f3 una declaraci\u00f3n para manifestar su preocupaci\u00f3n por la aparici\u00f3n de nuevos casos de sarampi\u00f3n en la Ciudad de Buenos Aires. El texto fue previamente acordado entre el oficialismo y sus impulsores, los diputados Victoria Montenegro y Javier Andrade (UC).<\/p>\n<p>Homenaje a H\u00e9roes de Malvinas<br \/>La Legislatura adhiri\u00f3 al acto de Homenaje &quot;H\u00e9roes Ca\u00eddos en Malvinas&quot;, a realizarse ayer en el Cenotafio de Malvinas del barrio de Retiro. La iniciativa del legislador\u00a0 Eduardo Santamarina (VJ), explica que &quot;este 10 de octubre conmemoramos el d\u00e9cimo aniversario de tan importante logro de la Comisi\u00f3n de Familiares de Ca\u00eddos en Malvinas, monumento que lleva los 649 nombres de nuestros H\u00e9roes Civiles, Soldados Conscriptos, Suboficiales y Oficiales que dieron la vida por nuestra Patria, defendiendo la Soberan\u00eda de nuestras Islas Malvinas&quot;.<\/p>\n","protected":false},"excerpt":{"rendered":"<p>Una ley sancionada ayer jueves con 50 votos y cinco abstenciones exime del pago de la deuda que en concepto de impuesto inmobiliario y contribuci\u00f3n por Alumbrado, Barrido y Limpieza, Mantenimiento y Conservaci\u00f3n de Sumideros mantiene el predio de la ex C\u00e1rcel de Caseros. Adem\u00e1s se propicia exceptuar al Estado Nacional del pago de los [&hellip;]<\/p>\n","protected":false},"author":1,"featured_media":3946,"comment_status":"open","ping_status":"open","sticky":false,"template":"","format":"standard","meta":{"_et_pb_use_builder":"","_et_pb_old_content":"","_et_gb_content_width":"","footnotes":""},"categories":[11,32],"tags":[],"class_list":["post-3945","post","type-post","status-publish","format-standard","has-post-thumbnail","hentry","category-ciudad","category-comunas"],"_links":{"self":[{"href":"https:\/\/vocesdebaires.com.ar\/index.php\/wp-json\/wp\/v2\/posts\/3945"}],"collection":[{"href":"https:\/\/vocesdebaires.com.ar\/index.php\/wp-json\/wp\/v2\/posts"}],"about":[{"href":"https:\/\/vocesdebaires.com.ar\/index.php\/wp-json\/wp\/v2\/types\/post"}],"author":[{"embeddable":true,"href":"https:\/\/vocesdebaires.com.ar\/index.php\/wp-json\/wp\/v2\/users\/1"}],"replies":[{"embeddable":true,"href":"https:\/\/vocesdebaires.com.ar\/index.php\/wp-json\/wp\/v2\/comments?post=3945"}],"version-history":[{"count":0,"href":"https:\/\/vocesdebaires.com.ar\/index.php\/wp-json\/wp\/v2\/posts\/3945\/revisions"}],"wp:featuredmedia":[{"embeddable":true,"href":"https:\/\/vocesdebaires.com.ar\/index.php\/wp-json\/wp\/v2\/media\/3946"}],"wp:attachment":[{"href":"https:\/\/vocesdebaires.com.ar\/index.php\/wp-json\/wp\/v2\/media?parent=3945"}],"wp:term":[{"taxonomy":"category","embeddable":true,"href":"https:\/\/vocesdebaires.com.ar\/index.php\/wp-json\/wp\/v2\/categories?post=3945"},{"taxonomy":"post_tag","embeddable":true,"href":"https:\/\/vocesdebaires.com.ar\/index.php\/wp-json\/wp\/v2\/tags?post=3945"}],"curies":[{"name":"wp","href":"https:\/\/api.w.org\/{rel}","templated":true}]}}