{"id":39456,"date":"2022-07-22T00:00:03","date_gmt":"2022-07-22T03:00:03","guid":{"rendered":"https:\/\/vocesdebaires.com.ar\/?p=39456"},"modified":"2022-07-21T18:35:34","modified_gmt":"2022-07-21T21:35:34","slug":"amiafinalizo-el-4-encuentro-internacional-de-educacion-judia","status":"publish","type":"post","link":"https:\/\/vocesdebaires.com.ar\/index.php\/2022\/07\/22\/amiafinalizo-el-4-encuentro-internacional-de-educacion-judia\/","title":{"rendered":"AMIA:Finaliz\u00f3 el 4\u00b0 Encuentro Internacional de Educaci\u00f3n Jud\u00eda"},"content":{"rendered":"<p>Con m\u00e1s de 1.400 docentes inscriptos, se realiz\u00f3 en esta semana, en Buenos Aires, el 4\u00b0 Encuentro Internacional de Educaci\u00f3n Jud\u00eda, organizado por el Vaad Hajinuj de AMIA, la Organizaci\u00f3n Sionista Mundial, a trav\u00e9s de sus departamentos de Emprendimientos Sionistas, Educaci\u00f3n, y Hebreo y Cultura Jud\u00eda, y United, un proyecto del Estado de Israel para favorecer la educaci\u00f3n jud\u00eda en la Di\u00e1spora. Bajo el lema \u201cCreando espacios de oportunidad en un mundo cambiante\u201d, las jornadas se desarrollaron el martes 19 y mi\u00e9rcoles 20 de julio, en el colegio Martin Buber, con un programa que incluy\u00f3 a 36 prestigiosos disertantes, de los cuales 11 expositores viajaron especialmente desde Israel.<\/p>\n<p>El acto de apertura tuvo, entre sus principales oradores, a Jaime Perczyk, ministro de Educaci\u00f3n de la Naci\u00f3n, y Amos Linetzky, presidente de AMIA. Tambi\u00e9n brindaron sus mensajes en el encuentro Gael Grunewald, vicepresidente de la Organizaci\u00f3n Sionista Mundial (OSM); Margarita Spichko Schein, directora de la divisi\u00f3n de la di\u00e1spora del Ministerio de Di\u00e1sporas de Israel, y Silvio Joskowicz, titular del departamento de Emprendimientos Sionistas de la OSM. Asimismo, en el segundo d\u00eda del congreso, disertaron Mar\u00eda Soledad Acu\u00f1a, ministra de Educaci\u00f3n del gobierno de la ciudad de Buenos Aires, y Yehuda Brandes, presidente de Herzog College.<\/p>\n<p>De forma virtual, se proyectaron las salutaciones de Yaakov Hagoel, presidente de la OSM; e Ifat Ovadia Luski, jefa del departamento de Hebreo y Cultura de la OSM. Moderado por Ariela Judkovski, en el plenario de apertura las tem\u00e1ticas que se desarrollaron fueron \u201cTransformaciones de la educaci\u00f3n: \u00bfQu\u00e9 hemos aprendido de la pandemia?\u201d, a cargo de Axel Rivas, y \u201cDerribando las murallas\u201d, con el israel\u00ed Shai Piron, ex ministro de Educaci\u00f3n de Israel. En el cierre del congreso, se realiz\u00f3 la conferencia \u201cLos grandes problemas del mundo, la respuesta del sistema educativo\u201d, en la que disert\u00f3 Piron, y \u201cSobre las palabras y las cosas\u201d, con Graciela Frigerio y Bernardo Blejmar.<\/p>\n<p>Adem\u00e1s de los plenarios, durante los dos d\u00edas de actividades, los docentes pudieron participar de los diversos talleres, con reconocidos expositores, en los que se compartieron distintas experiencias educativas, metodolog\u00edas y recursos innovadores para la ense\u00f1anza, y se reflexion\u00f3 sobre el futuro de la educaci\u00f3n jud\u00eda y de la educaci\u00f3n general. \u201cLuego de dos a\u00f1os consecutivos de haberse realizado el Encuentro de Educaci\u00f3n con un formato virtual a causa de la pandemia, veo la gratitud de los participantes por poder contar con un encuentro as\u00ed, con tantas propuestas educativas, con disertantes de Argentina y de Israel, que vienen a ampliar los horizontes y las perspectivas, y a llenar el alma de los docentes\u201d, expres\u00f3 Ariel Cohen Imach, director del Vaad Hajinuj de AMIA.<\/p>\n<p>\u00abAgradecemos el apoyo y la presencia de los funcionarios, de los dirigentes de las distintas organizaciones jud\u00edas, y de los docentes de nuestro pa\u00eds, Uruguay, Brasil, Ecuador, Paraguay, Colombia, Venezuela e Israel\u201d, agreg\u00f3. \u201cVivimos un encuentro de gran relevancia en el que buscamos brindar herramientas, din\u00e1micas, y espacios de reflexi\u00f3n para capacitar, compartir experiencias, inspirar y contribuir a fortalecer la educaci\u00f3n jud\u00eda\u201d, concluy\u00f3 el director de Educaci\u00f3n de AMIA.<\/p>\n","protected":false},"excerpt":{"rendered":"<p>Con m\u00e1s de 1.400 docentes inscriptos, se realiz\u00f3 en esta semana, en Buenos Aires, el 4\u00b0 Encuentro Internacional de Educaci\u00f3n Jud\u00eda, organizado por el Vaad Hajinuj de AMIA, la Organizaci\u00f3n Sionista Mundial, a trav\u00e9s de sus departamentos de Emprendimientos Sionistas, Educaci\u00f3n, y Hebreo y Cultura Jud\u00eda, y United, un proyecto del Estado de Israel para [&hellip;]<\/p>\n","protected":false},"author":2,"featured_media":39457,"comment_status":"open","ping_status":"open","sticky":false,"template":"","format":"standard","meta":{"_et_pb_use_builder":"","_et_pb_old_content":"","_et_gb_content_width":"","footnotes":""},"categories":[11,33],"tags":[],"class_list":["post-39456","post","type-post","status-publish","format-standard","has-post-thumbnail","hentry","category-ciudad","category-sociedad-y-cultura-2"],"_links":{"self":[{"href":"https:\/\/vocesdebaires.com.ar\/index.php\/wp-json\/wp\/v2\/posts\/39456"}],"collection":[{"href":"https:\/\/vocesdebaires.com.ar\/index.php\/wp-json\/wp\/v2\/posts"}],"about":[{"href":"https:\/\/vocesdebaires.com.ar\/index.php\/wp-json\/wp\/v2\/types\/post"}],"author":[{"embeddable":true,"href":"https:\/\/vocesdebaires.com.ar\/index.php\/wp-json\/wp\/v2\/users\/2"}],"replies":[{"embeddable":true,"href":"https:\/\/vocesdebaires.com.ar\/index.php\/wp-json\/wp\/v2\/comments?post=39456"}],"version-history":[{"count":1,"href":"https:\/\/vocesdebaires.com.ar\/index.php\/wp-json\/wp\/v2\/posts\/39456\/revisions"}],"predecessor-version":[{"id":39458,"href":"https:\/\/vocesdebaires.com.ar\/index.php\/wp-json\/wp\/v2\/posts\/39456\/revisions\/39458"}],"wp:featuredmedia":[{"embeddable":true,"href":"https:\/\/vocesdebaires.com.ar\/index.php\/wp-json\/wp\/v2\/media\/39457"}],"wp:attachment":[{"href":"https:\/\/vocesdebaires.com.ar\/index.php\/wp-json\/wp\/v2\/media?parent=39456"}],"wp:term":[{"taxonomy":"category","embeddable":true,"href":"https:\/\/vocesdebaires.com.ar\/index.php\/wp-json\/wp\/v2\/categories?post=39456"},{"taxonomy":"post_tag","embeddable":true,"href":"https:\/\/vocesdebaires.com.ar\/index.php\/wp-json\/wp\/v2\/tags?post=39456"}],"curies":[{"name":"wp","href":"https:\/\/api.w.org\/{rel}","templated":true}]}}