{"id":39483,"date":"2022-07-25T00:00:30","date_gmt":"2022-07-25T03:00:30","guid":{"rendered":"https:\/\/vocesdebaires.com.ar\/?p=39483"},"modified":"2022-07-24T22:21:25","modified_gmt":"2022-07-25T01:21:25","slug":"memoria-activamas-justicia-y-menos-operaciones-de-prensa","status":"publish","type":"post","link":"https:\/\/vocesdebaires.com.ar\/index.php\/2022\/07\/25\/memoria-activamas-justicia-y-menos-operaciones-de-prensa\/","title":{"rendered":"Memoria Activa:M\u00e1s justicia y menos operaciones de prensa"},"content":{"rendered":"<p>Recientemente, The New York Times public\u00f3 un art\u00edculo donde se\u00f1ala que, seg\u00fan el Mossad (una de las agencias de inteligencia de Israel), los atentados a la Embajada de Israel (1992) y a la AMIA (1994) no habr\u00edan sido realizados por Ir\u00e1n sino por una c\u00e9lula de Hezbollah y sin colaboraci\u00f3n local, lo que rebate \u201clas sospechas en Argentina de que funcionarios locales y ciudadanos hab\u00edan sido c\u00f3mplices de los ataques\u201d.<\/p>\n<p>Si bien la informaci\u00f3n de la nota period\u00edstica contradice la hip\u00f3tesis oficial sobre la responsabilidad de Ir\u00e1n, basada en informes de la ex SIDE y agencias extranjeras, en realidad, se trata de m\u00e1s de lo mismo. Numerosas operaciones e informes de inteligencia locales e internacionales han nutrido, desde el 18 de julio de 1994, la grotesca investigaci\u00f3n del atentado. Por eso, un art\u00edculo como el de The New York Times tiene idoneidad, a\u00fan 28 a\u00f1os despu\u00e9s, para conmover una investigaci\u00f3n judicial tan pat\u00e9tica y corrompida como esta.<\/p>\n<p>Desde el comienzo, qued\u00f3 claro que se manipul\u00f3 la causa AMIA en funci\u00f3n de intereses pol\u00edticos locales e internacionales que nada tienen que ver con la b\u00fasqueda de verdad y justicia. Entre tantos a\u00f1os de ejemplos, es posible mencionar los cables diplom\u00e1ticos que, a pocas horas del atentado, daban cuenta de la necesidad de que Argentina e Israel acordaran una versi\u00f3n de los hechos funcional a las conveniencias pol\u00edticas de los respectivos gobiernos.<\/p>\n<p>Tambi\u00e9n puede recodarse el intento del ex juez Juan Jos\u00e9 Galeano, con la colaboraci\u00f3n de la abogada de la DAIA Marta Nercellas, de instalar, en 2001, que el atentado a la AMIA hab\u00eda sido perpetrado por Al-Qaeda y Bin Laden. Versi\u00f3n muy conveniente por ese entonces. Ya nada nos sorprende: ni publicaciones de prensa, ni operaciones de inteligencia, ni dichos de funcionarios, nada. Los familiares de las v\u00edctimas nucleados en Memoria Activa hemos perdido la ingenuidad y la capacidad de asombro, tanto como los personajes que montan estas operaciones han perdido la verg\u00fcenza.<\/p>\n<p>La causa AMIA necesita m\u00e1s pruebas judiciales y menos informes de inteligencia. M\u00e1s apego de los investigadores a la verdad y menos operaciones de prensa. Sobre todo, es indispensable que se deje de manipular y usar el caso en funci\u00f3n de los avatares de la coyuntura pol\u00edtica nacional e internacional. En definitiva, es imprescindible contar con una Justicia seria y cre\u00edble, capaz de garantizar una investigaci\u00f3n imparcial que nos acerque, de una vez por todas, a la verdad y a la justicia.<\/p>\n","protected":false},"excerpt":{"rendered":"<p>Recientemente, The New York Times public\u00f3 un art\u00edculo donde se\u00f1ala que, seg\u00fan el Mossad (una de las agencias de inteligencia de Israel), los atentados a la Embajada de Israel (1992) y a la AMIA (1994) no habr\u00edan sido realizados por Ir\u00e1n sino por una c\u00e9lula de Hezbollah y sin colaboraci\u00f3n local, lo que rebate \u201clas [&hellip;]<\/p>\n","protected":false},"author":2,"featured_media":39402,"comment_status":"open","ping_status":"open","sticky":false,"template":"","format":"standard","meta":{"_et_pb_use_builder":"","_et_pb_old_content":"","_et_gb_content_width":"","footnotes":""},"categories":[11,33],"tags":[],"class_list":["post-39483","post","type-post","status-publish","format-standard","has-post-thumbnail","hentry","category-ciudad","category-sociedad-y-cultura-2"],"_links":{"self":[{"href":"https:\/\/vocesdebaires.com.ar\/index.php\/wp-json\/wp\/v2\/posts\/39483"}],"collection":[{"href":"https:\/\/vocesdebaires.com.ar\/index.php\/wp-json\/wp\/v2\/posts"}],"about":[{"href":"https:\/\/vocesdebaires.com.ar\/index.php\/wp-json\/wp\/v2\/types\/post"}],"author":[{"embeddable":true,"href":"https:\/\/vocesdebaires.com.ar\/index.php\/wp-json\/wp\/v2\/users\/2"}],"replies":[{"embeddable":true,"href":"https:\/\/vocesdebaires.com.ar\/index.php\/wp-json\/wp\/v2\/comments?post=39483"}],"version-history":[{"count":1,"href":"https:\/\/vocesdebaires.com.ar\/index.php\/wp-json\/wp\/v2\/posts\/39483\/revisions"}],"predecessor-version":[{"id":39484,"href":"https:\/\/vocesdebaires.com.ar\/index.php\/wp-json\/wp\/v2\/posts\/39483\/revisions\/39484"}],"wp:featuredmedia":[{"embeddable":true,"href":"https:\/\/vocesdebaires.com.ar\/index.php\/wp-json\/wp\/v2\/media\/39402"}],"wp:attachment":[{"href":"https:\/\/vocesdebaires.com.ar\/index.php\/wp-json\/wp\/v2\/media?parent=39483"}],"wp:term":[{"taxonomy":"category","embeddable":true,"href":"https:\/\/vocesdebaires.com.ar\/index.php\/wp-json\/wp\/v2\/categories?post=39483"},{"taxonomy":"post_tag","embeddable":true,"href":"https:\/\/vocesdebaires.com.ar\/index.php\/wp-json\/wp\/v2\/tags?post=39483"}],"curies":[{"name":"wp","href":"https:\/\/api.w.org\/{rel}","templated":true}]}}