{"id":39485,"date":"2022-07-25T00:00:47","date_gmt":"2022-07-25T03:00:47","guid":{"rendered":"https:\/\/vocesdebaires.com.ar\/?p=39485"},"modified":"2022-07-24T22:29:31","modified_gmt":"2022-07-25T01:29:31","slug":"operativo-friofueron-las-mujeres-del-gobierno-del-porteno-que-participaron","status":"publish","type":"post","link":"https:\/\/vocesdebaires.com.ar\/index.php\/2022\/07\/25\/operativo-friofueron-las-mujeres-del-gobierno-del-porteno-que-participaron\/","title":{"rendered":"Participaron:En el operativo fr\u00edo ,Mujeres del Gobierno del porte\u00f1o"},"content":{"rendered":"<p>La Ministra de Desarrollo Humano y H\u00e1bitat, Mar\u00eda Migliore, junto al equipo de mujeres que integran el Gabinete del Gobierno de la Ciudad, y legisladoras nacionales de Juntos por el Cambio, participaron del armado del Operativo Fr\u00edo; el programa en donde los equipos especializados del BAP (Buenos Aires Presente), recorren proactivamente las calles de todas las comunas de la Ciudad, para asistir y acompa\u00f1ar a personas en situaci\u00f3n de calle durante las noches m\u00e1s fr\u00edas del a\u00f1o. Migliore fue acompa\u00f1ada por Soledad Acu\u00f1a, Ministra de Educaci\u00f3n; Julia Pomares, Jefa de Asesores; Milagros Maylin, Secretaria de Bienestar Integral; Paula Uhalde, Secretaria de<\/p>\n<p>Transformaci\u00f3n Cultural; Julia Domeniconi, Secretaria de Atenci\u00f3n Ciudadana y Gesti\u00f3n Comunal; Marisa Bircher, Secretaria para la Igualdad de G\u00e9nero y Carmen Polledo, Subsecretaria de Relaciones Institucionales. Tambi\u00e9n participaron las senadoras nacionales Guadalupe Tagliaferri, y Mercedes Valenzuela; y la diputada nacional Silvia Lospennato. All\u00ed visitaron el sector al que ingresan los llamados de la l\u00ednea 108, y el espacio donde se preparan los m\u00f3viles para salir y asistir a las personas en situaci\u00f3n de calle.<\/p>\n<p>El Operativo Fr\u00edo es una herramienta central dentro de una pol\u00edtica de asistencia integral aplicada las 24 horas, los 365 d\u00edas del a\u00f1o, a trav\u00e9s del programa Buenos Aires Presente (BAP) que cuenta con 25 equipos que salen al encuentro de quien lo necesita todos los d\u00edas por cada barrio de la Ciudad y accionan de manera inmediata ante las llamadas que ingresan a la central de la L\u00ednea de Atenci\u00f3n Social Inmediata 108 o de Boti, el chatbot de la Ciudad.Cuando las temperaturas son inferiores a 5\u00ba C, los equipos se refuerzan con voluntarios, vecinos y organizaciones civiles que entregan viandas calientes, packs hipocal\u00f3ricos (barras de cereal, frutos secos, agua), frazadas y un kit de prevenci\u00f3n de fr\u00edo con guantes y gorro de lana.<\/p>\n<p><strong>Como funciona el Operativo Fr\u00edo:<\/strong><br \/>\nA partir de recorridos diarios, se detectan los puntos cr\u00edticos y se lleva adelante la trazabilidad de la situaci\u00f3n de cada persona en situaci\u00f3n de calle, con informaci\u00f3n digitalizada y actualizada acerca de las distintas intervenciones y de la evoluci\u00f3n de la situaci\u00f3n de cada una de las personas asistidas. Atendida la emergencia en primera instancia, el equipo del BAP se pone al servicio para acompa\u00f1ar en todos los aspectos de su revinculaci\u00f3n social y en el rearmado de su propio proyecto de vida, con intervenciones concretas como la tramitaci\u00f3n del DNI, del subsidio habitacional y de seguridad alimentaria. El abordaje integral se completa en los Centros de Inclusi\u00f3n Social, donde se realizan chequeos m\u00e9dicos, se brinda asistencia psicol\u00f3gica y talleres de oficios y se promueve la revinculaci\u00f3n familiar y la terminalidad educativa.<\/p>\n<p><strong>Centros de Inclusi\u00f3n Social:<\/strong><br \/>\nLa Ciudad dispone actualmente de 38 centros de alojamiento permanentes, y 3 centros de emergencia abiertos desde el inicio de la pandemia (Parque Roca I, II, III), sumando un total de 2.545 plazas, de las que se encuentran ocupadas 1.731. Todos los dispositivos cuentan con servicio de ducha, elementos de aseo personal, 4 comidas, talleres para contenci\u00f3n psicol\u00f3gica, as\u00ed como tambi\u00e9n para la inserci\u00f3n social, laboral y oportunidades de revinculaci\u00f3n familiar.<\/p>\n<p>Durante el \u00faltimo a\u00f1o, el Ministerio de Desarrollo Humano y H\u00e1bitat realiz\u00f3 obras de infraestructura en 3 de los Centros de Inclusi\u00f3n de gesti\u00f3n propia m\u00e1s grandes: Costanera Sur, Beppo Ghezzi y Hogar F\u00e9lix Lora. Adem\u00e1s, se realizaron convenios con nuevos dispositivos que incrementan la aceptaci\u00f3n del traslado para las personas que lo necesitan. Hoy, la red de Centros de Inclusi\u00f3n cuenta con m\u00e1s de 1.500 personas entre hombres y mujeres solos, mujeres con ni\u00f1os y familias.<\/p>\n","protected":false},"excerpt":{"rendered":"<p>La Ministra de Desarrollo Humano y H\u00e1bitat, Mar\u00eda Migliore, junto al equipo de mujeres que integran el Gabinete del Gobierno de la Ciudad, y legisladoras nacionales de Juntos por el Cambio, participaron del armado del Operativo Fr\u00edo; el programa en donde los equipos especializados del BAP (Buenos Aires Presente), recorren proactivamente las calles de todas [&hellip;]<\/p>\n","protected":false},"author":2,"featured_media":39486,"comment_status":"open","ping_status":"open","sticky":false,"template":"","format":"standard","meta":{"_et_pb_use_builder":"","_et_pb_old_content":"","_et_gb_content_width":"","footnotes":""},"categories":[11,33],"tags":[],"class_list":["post-39485","post","type-post","status-publish","format-standard","has-post-thumbnail","hentry","category-ciudad","category-sociedad-y-cultura-2"],"_links":{"self":[{"href":"https:\/\/vocesdebaires.com.ar\/index.php\/wp-json\/wp\/v2\/posts\/39485"}],"collection":[{"href":"https:\/\/vocesdebaires.com.ar\/index.php\/wp-json\/wp\/v2\/posts"}],"about":[{"href":"https:\/\/vocesdebaires.com.ar\/index.php\/wp-json\/wp\/v2\/types\/post"}],"author":[{"embeddable":true,"href":"https:\/\/vocesdebaires.com.ar\/index.php\/wp-json\/wp\/v2\/users\/2"}],"replies":[{"embeddable":true,"href":"https:\/\/vocesdebaires.com.ar\/index.php\/wp-json\/wp\/v2\/comments?post=39485"}],"version-history":[{"count":3,"href":"https:\/\/vocesdebaires.com.ar\/index.php\/wp-json\/wp\/v2\/posts\/39485\/revisions"}],"predecessor-version":[{"id":39489,"href":"https:\/\/vocesdebaires.com.ar\/index.php\/wp-json\/wp\/v2\/posts\/39485\/revisions\/39489"}],"wp:featuredmedia":[{"embeddable":true,"href":"https:\/\/vocesdebaires.com.ar\/index.php\/wp-json\/wp\/v2\/media\/39486"}],"wp:attachment":[{"href":"https:\/\/vocesdebaires.com.ar\/index.php\/wp-json\/wp\/v2\/media?parent=39485"}],"wp:term":[{"taxonomy":"category","embeddable":true,"href":"https:\/\/vocesdebaires.com.ar\/index.php\/wp-json\/wp\/v2\/categories?post=39485"},{"taxonomy":"post_tag","embeddable":true,"href":"https:\/\/vocesdebaires.com.ar\/index.php\/wp-json\/wp\/v2\/tags?post=39485"}],"curies":[{"name":"wp","href":"https:\/\/api.w.org\/{rel}","templated":true}]}}