{"id":39503,"date":"2022-07-26T00:01:21","date_gmt":"2022-07-26T03:01:21","guid":{"rendered":"https:\/\/vocesdebaires.com.ar\/?p=39503"},"modified":"2022-07-26T00:02:37","modified_gmt":"2022-07-26T03:02:37","slug":"ciudad-vuelve-a-ser-sede-de-ironmanel-triatlon-mas-exigente-del-mundo","status":"publish","type":"post","link":"https:\/\/vocesdebaires.com.ar\/index.php\/2022\/07\/26\/ciudad-vuelve-a-ser-sede-de-ironmanel-triatlon-mas-exigente-del-mundo\/","title":{"rendered":"Ciudad vuelve a ser sede de Ironman,el m\u00e1s exigente del mundo"},"content":{"rendered":"<p>La Ciudad volver\u00e1 a recibir una prueba Ironman el 6 de noviembre, en Palermo, donde se disputar\u00e1 una nueva edici\u00f3n del prestigioso triatl\u00f3n. De este Ironman 5150 participar\u00e1n 1.500 corredores que e enfrentar\u00e1n al desaf\u00edo de cubrir 1,5 kil\u00f3metros a nado en el lago Regatas, 40 kil\u00f3metros en bici por Lugones y 10 kil\u00f3metros a pie dentro de los bosques. El lanzamiento de la competencia se realizar\u00e1 hoy martes 26 de julio en la sede central del Gobierno de la Ciudad, Uspallata 3160, Parque Patricios, con la presencia del secretario de Deportes porte\u00f1o, Carlos Retegui, junto a autoridades de Ironman y otros actores involucrados.<\/p>\n<p><strong>Una prueba que se realiza en m\u00e1s de 30 pa\u00edses:<\/strong><br \/>\nIronman, triatl\u00f3n nacido a fines de la d\u00e9cada de los &#8217;70, se convirti\u00f3 con los a\u00f1os en la prueba m\u00e1s exigente, antigua y prestigiosa del mundo.<br \/>\nEs una competencia deportiva que consta de tres disciplinas: nataci\u00f3n, ciclismo y pedestrismo.<br \/>\nSe lo considera uno de los deportes m\u00e1s duros que existen en el panorama competitivo internacional actual.<br \/>\nEstas competencias se llevan adelante en m\u00e1s de 30 pa\u00edses, con 250 eventos deportivos.<br \/>\nBuenos Aires ya hab\u00eda sido sede de un Ironman en 2018, en este mismo escenario, con gran cantidad de espectadores y corredores.<\/p>\n<p><strong>Foto:Prensa GCBA<\/strong><\/p>\n","protected":false},"excerpt":{"rendered":"<p>La Ciudad volver\u00e1 a recibir una prueba Ironman el 6 de noviembre, en Palermo, donde se disputar\u00e1 una nueva edici\u00f3n del prestigioso triatl\u00f3n. De este Ironman 5150 participar\u00e1n 1.500 corredores que e enfrentar\u00e1n al desaf\u00edo de cubrir 1,5 kil\u00f3metros a nado en el lago Regatas, 40 kil\u00f3metros en bici por Lugones y 10 kil\u00f3metros a [&hellip;]<\/p>\n","protected":false},"author":2,"featured_media":39504,"comment_status":"open","ping_status":"open","sticky":false,"template":"","format":"standard","meta":{"_et_pb_use_builder":"","_et_pb_old_content":"","_et_gb_content_width":"","footnotes":""},"categories":[11,33],"tags":[],"class_list":["post-39503","post","type-post","status-publish","format-standard","has-post-thumbnail","hentry","category-ciudad","category-sociedad-y-cultura-2"],"_links":{"self":[{"href":"https:\/\/vocesdebaires.com.ar\/index.php\/wp-json\/wp\/v2\/posts\/39503"}],"collection":[{"href":"https:\/\/vocesdebaires.com.ar\/index.php\/wp-json\/wp\/v2\/posts"}],"about":[{"href":"https:\/\/vocesdebaires.com.ar\/index.php\/wp-json\/wp\/v2\/types\/post"}],"author":[{"embeddable":true,"href":"https:\/\/vocesdebaires.com.ar\/index.php\/wp-json\/wp\/v2\/users\/2"}],"replies":[{"embeddable":true,"href":"https:\/\/vocesdebaires.com.ar\/index.php\/wp-json\/wp\/v2\/comments?post=39503"}],"version-history":[{"count":2,"href":"https:\/\/vocesdebaires.com.ar\/index.php\/wp-json\/wp\/v2\/posts\/39503\/revisions"}],"predecessor-version":[{"id":39506,"href":"https:\/\/vocesdebaires.com.ar\/index.php\/wp-json\/wp\/v2\/posts\/39503\/revisions\/39506"}],"wp:featuredmedia":[{"embeddable":true,"href":"https:\/\/vocesdebaires.com.ar\/index.php\/wp-json\/wp\/v2\/media\/39504"}],"wp:attachment":[{"href":"https:\/\/vocesdebaires.com.ar\/index.php\/wp-json\/wp\/v2\/media?parent=39503"}],"wp:term":[{"taxonomy":"category","embeddable":true,"href":"https:\/\/vocesdebaires.com.ar\/index.php\/wp-json\/wp\/v2\/categories?post=39503"},{"taxonomy":"post_tag","embeddable":true,"href":"https:\/\/vocesdebaires.com.ar\/index.php\/wp-json\/wp\/v2\/tags?post=39503"}],"curies":[{"name":"wp","href":"https:\/\/api.w.org\/{rel}","templated":true}]}}