{"id":39516,"date":"2022-07-26T00:13:09","date_gmt":"2022-07-26T03:13:09","guid":{"rendered":"https:\/\/vocesdebaires.com.ar\/?p=39516"},"modified":"2022-07-26T00:13:09","modified_gmt":"2022-07-26T03:13:09","slug":"amia-daia-la-causa-judicial-determino-la-responsabilidad-de-iran","status":"publish","type":"post","link":"https:\/\/vocesdebaires.com.ar\/index.php\/2022\/07\/26\/amia-daia-la-causa-judicial-determino-la-responsabilidad-de-iran\/","title":{"rendered":"AMIA- DAIA: La causa judicial determin\u00f3 la responsabilidad de Ir\u00e1n"},"content":{"rendered":"<p>AMIA y DAIA, organizaciones centrales de la comunidad jud\u00eda argentina, ponen de manifiesto y recuerdan que la causa judicial que se lleva adelante en nuestro pa\u00eds por el atentado terrorista perpetrado el 18 de julio de 1994 contra la sede de Pasteur 633, determin\u00f3 la responsabilidad de Ir\u00e1n, de ex funcionarios de ese pa\u00eds y de Hezbollah en el planeamiento y en la ejecuci\u00f3n de la masacre, que dej\u00f3 el doloroso saldo de 85 personas asesinadas y m\u00e1s de 300 heridas. El expediente judicial acredita m\u00faltiples pruebas y contiene numerosas evidencias que, derivadas y constatadas a trav\u00e9s de diversas fuentes, permitieron establecer el rol de Ir\u00e1n y su activa participaci\u00f3n en la decisi\u00f3n, organizaci\u00f3n y financiamiento del ataque terrorista, del que ya se cumplieron 28 a\u00f1os.<\/p>\n<p>Resulta fundamental respetar y dar continuidad a los elementos de prueba que figuran en la causa y a las conclusiones a las que arrib\u00f3 la Justicia argentina, que luego fueron confirmadas por Interpol con la emisi\u00f3n de sus alertas rojas, de modo que permanezcan vigentes las \u00f3rdenes internacionales de captura que pesan sobre los acusados, para que puedan ser juzgados en nuestro pa\u00eds con las debidas garant\u00edas constitucionales.<\/p>\n<p>M\u00e1s all\u00e1 de informes de inteligencia y publicaciones period\u00edsticas que puedan trascender, cabe reiterar que la causa judicial tramitada en la Argentina siempre sostuvo que el atentado contra la sede de Pasteur 633 fue ejecutado por miembros de Hezbollah, brazo armado y ejecutor de Ir\u00e1n. Ya sea por inter\u00e9s o por desconocimiento, intentar hacer diferenciaciones entre Ir\u00e1n y Hezbollah solo lleva a provocar confusi\u00f3n en la opini\u00f3n p\u00fablica. No hay dudas de que ambos forman parte de la misma matriz terrorista. La presencia de Ir\u00e1n en nuestra regi\u00f3n desde la d\u00e9cada del 90, a trav\u00e9s de integrantes de Hezbollah activos en diferentes pa\u00edses, ha sido sobradamente documentada y, en la actualidad, sigue despertando gran preocupaci\u00f3n.<\/p>\n<p>La difusi\u00f3n de extractos de un informe que no ha sido aportado al expediente judicial no modifica en absoluto lo que las instituciones comunitarias vienen sosteniendo hace 28 a\u00f1os y que consta en la causa. La Fiscal\u00eda que tiene a su cargo la investigaci\u00f3n debe continuar procurando todas las pruebas que pudieran llegar a conocerse para que pueda finalmente alcanzarse la justicia. A d\u00edas de haberse conmemorado el 28\u00b0 aniversario del peor atentado terrorista que sufri\u00f3 nuestro pa\u00eds, AMIA y DAIA expresan, una vez m\u00e1s, su compromiso permanente e indeclinable para lograr que los responsables intelectuales y materiales del atentado perpetrado el 18 de julio de 1994 sean juzgados y cumplan sus condenas por el atroz crimen de lesa humanidad que cometieron.<\/p>\n","protected":false},"excerpt":{"rendered":"<p>AMIA y DAIA, organizaciones centrales de la comunidad jud\u00eda argentina, ponen de manifiesto y recuerdan que la causa judicial que se lleva adelante en nuestro pa\u00eds por el atentado terrorista perpetrado el 18 de julio de 1994 contra la sede de Pasteur 633, determin\u00f3 la responsabilidad de Ir\u00e1n, de ex funcionarios de ese pa\u00eds y [&hellip;]<\/p>\n","protected":false},"author":2,"featured_media":39517,"comment_status":"open","ping_status":"open","sticky":false,"template":"","format":"standard","meta":{"_et_pb_use_builder":"","_et_pb_old_content":"","_et_gb_content_width":"","footnotes":""},"categories":[11,33],"tags":[],"class_list":["post-39516","post","type-post","status-publish","format-standard","has-post-thumbnail","hentry","category-ciudad","category-sociedad-y-cultura-2"],"_links":{"self":[{"href":"https:\/\/vocesdebaires.com.ar\/index.php\/wp-json\/wp\/v2\/posts\/39516"}],"collection":[{"href":"https:\/\/vocesdebaires.com.ar\/index.php\/wp-json\/wp\/v2\/posts"}],"about":[{"href":"https:\/\/vocesdebaires.com.ar\/index.php\/wp-json\/wp\/v2\/types\/post"}],"author":[{"embeddable":true,"href":"https:\/\/vocesdebaires.com.ar\/index.php\/wp-json\/wp\/v2\/users\/2"}],"replies":[{"embeddable":true,"href":"https:\/\/vocesdebaires.com.ar\/index.php\/wp-json\/wp\/v2\/comments?post=39516"}],"version-history":[{"count":1,"href":"https:\/\/vocesdebaires.com.ar\/index.php\/wp-json\/wp\/v2\/posts\/39516\/revisions"}],"predecessor-version":[{"id":39518,"href":"https:\/\/vocesdebaires.com.ar\/index.php\/wp-json\/wp\/v2\/posts\/39516\/revisions\/39518"}],"wp:featuredmedia":[{"embeddable":true,"href":"https:\/\/vocesdebaires.com.ar\/index.php\/wp-json\/wp\/v2\/media\/39517"}],"wp:attachment":[{"href":"https:\/\/vocesdebaires.com.ar\/index.php\/wp-json\/wp\/v2\/media?parent=39516"}],"wp:term":[{"taxonomy":"category","embeddable":true,"href":"https:\/\/vocesdebaires.com.ar\/index.php\/wp-json\/wp\/v2\/categories?post=39516"},{"taxonomy":"post_tag","embeddable":true,"href":"https:\/\/vocesdebaires.com.ar\/index.php\/wp-json\/wp\/v2\/tags?post=39516"}],"curies":[{"name":"wp","href":"https:\/\/api.w.org\/{rel}","templated":true}]}}