{"id":39527,"date":"2022-07-28T00:00:49","date_gmt":"2022-07-28T03:00:49","guid":{"rendered":"https:\/\/vocesdebaires.com.ar\/?p=39527"},"modified":"2022-07-27T22:03:29","modified_gmt":"2022-07-28T01:03:29","slug":"ciudadcomo-funciona-uno-de-los-remodelados-hogares","status":"publish","type":"post","link":"https:\/\/vocesdebaires.com.ar\/index.php\/2022\/07\/28\/ciudadcomo-funciona-uno-de-los-remodelados-hogares\/","title":{"rendered":"Ciudad:C\u00f3mo funciona uno de los remodelados hogares"},"content":{"rendered":"<p>Andr\u00e9s Calvo es correntino. Hace un par de a\u00f1os viaj\u00f3 a Buenos Aires a probar suerte, en busca de ese trabajo que le permitiera salir adelante en la vida. Pero poco tiempo despu\u00e9s de llegar estall\u00f3 la pandemia de COVID-19, la b\u00fasqueda de empleo se complic\u00f3, se le acab\u00f3 el dinero que hab\u00eda tra\u00eddo y pronto se vio viviendo en la calle. Cansado del fr\u00edo, pidi\u00f3 ayuda y lo llevaron al Centro de Inclusi\u00f3n Social \u201cBepoGhezzi\u201d. Ubicado en Parque Patricios, es uno de los 38 dispositivos de alojamiento permanentes que tiene la Ciudad para atender a personas en situaci\u00f3n de calle, que suman un total de 3.000 plazas.<\/p>\n<p>All\u00ed, los usuarios encuentran, adem\u00e1s de una cama, duchas calientes, elementos de aseo personal, cuatro comidas diarias, talleres para contenci\u00f3n psicol\u00f3gica, as\u00ed como tambi\u00e9n para la inserci\u00f3n social, laboral y oportunidades de revinculaci\u00f3n familiar. Adem\u00e1s, desde el inicio de la pandemia se sumaron tres centros de emergencia en Parque Roca I, II, III.\u00a0 Jos\u00e9 Am\u00e9rico \u201cBepo\u201d Ghezzi fue un famoso linyera tandilense nacido en 1912 que viv\u00eda en las calles de Buenos Aires como otros 300.000 inmigrantes del interior del pa\u00eds.\u00a0 El Centro de Inclusi\u00f3n Social que lleva su nombre acaba de ser remodelado. Se realizaron obras de impermeabilizaci\u00f3n, aislaci\u00f3n, revestimiento, pintura, colocaci\u00f3n de z\u00f3calos, y climatizaci\u00f3n.<\/p>\n<p>Su capacidad ya llega a 50 plazas operativas, para dar alojamiento, alimentaci\u00f3n, higiene y atenci\u00f3n profesional a personas que se encuentren en situaci\u00f3n de calle y\/o vulnerabilidad social. Durante el \u00faltimo a\u00f1o, el Ministerio de Desarrollo Humano y H\u00e1bitat realiz\u00f3 obras de infraestructura en 3 de los Centros de Inclusi\u00f3n de gesti\u00f3n propia m\u00e1s grandes: Costanera Sur, Hogar F\u00e9lix Lora y el mencionado BeppoGhezzi. Adem\u00e1s, se realizaron convenios con nuevos dispositivos que incrementaron la aceptaci\u00f3n del traslado para las personas que lo necesitan. \u00abMe gusta este lugar, est\u00e1 muy bueno porque me est\u00e1 ayudando en varias cosas.<\/p>\n<p>Pero ya quisiera conseguir algo mejor para estar establemente en la sociedad\u00bb, cuenta Andr\u00e9s parado al lado de su cama. Se\u00f1ala hacia arriba y apunta a un tubo: \u00abDe ah\u00ed sale un aire calentito. Dorm\u00eds c\u00f3modo, dorm\u00eds 10 mil veces mejor que en la calle. Tranquilo\u00bb, describe. Cecilia Ametrano Tarrees coordinadora en el \u201cBepoGhezzi\u201d, donde reciben a hombres de 18 a 59 a\u00f1os. \u00abEl objetivo principal es atender todas sus necesidades b\u00e1sicas. Y en funci\u00f3n de que ellos puedan reestablecerse, trabajar con los equipos de profesionales, psic\u00f3logos, trabajadores sociales, se intenta una reinserci\u00f3n social que generalmente es a trav\u00e9s de lo laboral\u00bb, explica.<\/p>\n<p>Trabajan especialmente en junio, julio y agosto, cuando las temperaturas bajan y se activa el Operativo Fr\u00edo. En esos d\u00edas se refuerzan las salidas a la calle de voluntarios y profesionales a buscar a aquellas personas que tengan el deseo y la voluntad de ir a un lugar donde poder dormir, comer y refugiarse del fr\u00edo. Los usuarios encuentran tambi\u00e9n en los paradores armarios de metal para guardar sus pertenencias, auditorios para cursar los talleres y toda la contenci\u00f3n de los voluntarios y profesionales que trabajan all\u00ed. Hoy, la red de Centros de Inclusi\u00f3n cuenta con m\u00e1s de 1.500 personas entre hombres y mujeres solos, mujeres con ni\u00f1os y familias.<\/p>\n<p>Natalia Molinaro es una de las psic\u00f3logas que trabaja en los equipos profesionales. \u00abContamos con diversos talleres. Hay de capacitaci\u00f3n laboral, capacitaciones de empleo. Tambi\u00e9n tenemos talleres de alfabetizaci\u00f3n que tienen un marco de taller literario. El v\u00ednculo es de orientaci\u00f3n, de acompa\u00f1amiento y seguimiento. Y m\u00e1s que nada contenci\u00f3n social y psicol\u00f3gica\u00bb, enumera.<br \/>\n\u201cLa calle no es un lugar para vivir, mucho menos en los meses m\u00e1s fr\u00edos del a\u00f1o. Por eso en la Ciudad arrancamos con el Operativo Fr\u00edo.<\/p>\n<p>Ante las bajas temperaturas, todos los equipos del BAP comenzaron a salir al encuentro de las personas en situaci\u00f3n de calle para brindarles un plato de comida caliente, alimentos secos y abrigo, y tambi\u00e9n para invitarlas a venir a uno de los 38 Centros de Inclusi\u00f3n Social, donde reciben asistencia con un abordaje integral\u201d, expres\u00f3 Mar\u00eda Migliore, ministra de Desarrollo Humano y H\u00e1bitat de CABA, quien visit\u00f3 el remodelado \u00abBepoGhezzi\u00bb y recorri\u00f3 las obras junto al Secretario de Inclusi\u00f3n Social y Atenci\u00f3n Inmediata, Sergio Constantini, y Lucas Castrogiovanni, Director General de Protecci\u00f3n y Desarrollo Sostenible.<\/p>\n<p>Mariano Oro, otro usuario del Centro de Inclusi\u00f3n Social, cuenta que ya hace \u00abun mes, un mes y pico\u00bb que est\u00e1 viviendo en el parador. \u00abLa verdad que es un lugar donde uno est\u00e1 tranquilo. Me han ayudado mucho\u00bb, describe. \u00abLa calle no es un lugar para vivir\u00bb, refuerza Mariano. Y aconseja a los que est\u00e9n en problemas como \u00e9l que se acerquen a los paradores para tener una posibilidad de salir adelante. \u00abLa verdad es que existen dispositivos como \u00e9ste, donde si uno quiere cambiar te pueden ayudar\u00bb, concluye.<\/p>\n<p><strong>Operativo Fr\u00edo:<\/strong><br \/>\nDurante los meses de invierno la Ciudad refuerza los equipos para aumentar la presencia territorial en los d\u00edas de muy bajas temperaturas. Esun operativo integral para abordar a las personas que se encuentran en situaci\u00f3n de calle frente a las bajas temperaturas, entre los meses de junio y agosto inclusive. La Ciudad suma a los esfuerzos de todo el a\u00f1o ayuda frente a los meses m\u00e1s fr\u00edos del calendario.<\/p>\n<p>Cuenta con 25 equipos de atenci\u00f3n todos los d\u00edas y en aquellos en los que la temperatura est\u00e1 por debajo de los 5 grados se duplican a 50, en los que participan autoridades del GCBA, voluntarios del GCBA y vecinos\/as de la Ciudad. La pol\u00edtica integral hacia las personas en situaci\u00f3n de calle apunta a atender con calidad la emergencia; acompa\u00f1ar a la persona en reconstruir sus v\u00ednculos y dar oportunidades de construir un nuevo proyecto de vida y salir adelante.<\/p>\n","protected":false},"excerpt":{"rendered":"<p>Andr\u00e9s Calvo es correntino. Hace un par de a\u00f1os viaj\u00f3 a Buenos Aires a probar suerte, en busca de ese trabajo que le permitiera salir adelante en la vida. Pero poco tiempo despu\u00e9s de llegar estall\u00f3 la pandemia de COVID-19, la b\u00fasqueda de empleo se complic\u00f3, se le acab\u00f3 el dinero que hab\u00eda tra\u00eddo y [&hellip;]<\/p>\n","protected":false},"author":2,"featured_media":39528,"comment_status":"open","ping_status":"open","sticky":false,"template":"","format":"standard","meta":{"_et_pb_use_builder":"","_et_pb_old_content":"","_et_gb_content_width":"","footnotes":""},"categories":[11,33],"tags":[],"class_list":["post-39527","post","type-post","status-publish","format-standard","has-post-thumbnail","hentry","category-ciudad","category-sociedad-y-cultura-2"],"_links":{"self":[{"href":"https:\/\/vocesdebaires.com.ar\/index.php\/wp-json\/wp\/v2\/posts\/39527"}],"collection":[{"href":"https:\/\/vocesdebaires.com.ar\/index.php\/wp-json\/wp\/v2\/posts"}],"about":[{"href":"https:\/\/vocesdebaires.com.ar\/index.php\/wp-json\/wp\/v2\/types\/post"}],"author":[{"embeddable":true,"href":"https:\/\/vocesdebaires.com.ar\/index.php\/wp-json\/wp\/v2\/users\/2"}],"replies":[{"embeddable":true,"href":"https:\/\/vocesdebaires.com.ar\/index.php\/wp-json\/wp\/v2\/comments?post=39527"}],"version-history":[{"count":1,"href":"https:\/\/vocesdebaires.com.ar\/index.php\/wp-json\/wp\/v2\/posts\/39527\/revisions"}],"predecessor-version":[{"id":39529,"href":"https:\/\/vocesdebaires.com.ar\/index.php\/wp-json\/wp\/v2\/posts\/39527\/revisions\/39529"}],"wp:featuredmedia":[{"embeddable":true,"href":"https:\/\/vocesdebaires.com.ar\/index.php\/wp-json\/wp\/v2\/media\/39528"}],"wp:attachment":[{"href":"https:\/\/vocesdebaires.com.ar\/index.php\/wp-json\/wp\/v2\/media?parent=39527"}],"wp:term":[{"taxonomy":"category","embeddable":true,"href":"https:\/\/vocesdebaires.com.ar\/index.php\/wp-json\/wp\/v2\/categories?post=39527"},{"taxonomy":"post_tag","embeddable":true,"href":"https:\/\/vocesdebaires.com.ar\/index.php\/wp-json\/wp\/v2\/tags?post=39527"}],"curies":[{"name":"wp","href":"https:\/\/api.w.org\/{rel}","templated":true}]}}