{"id":39530,"date":"2022-07-28T00:00:14","date_gmt":"2022-07-28T03:00:14","guid":{"rendered":"https:\/\/vocesdebaires.com.ar\/?p=39530"},"modified":"2022-07-27T22:05:53","modified_gmt":"2022-07-28T01:05:53","slug":"ciudadllega-una-nueva-edicion-de-jovenes-x-los-derechos-humanos","status":"publish","type":"post","link":"https:\/\/vocesdebaires.com.ar\/index.php\/2022\/07\/28\/ciudadllega-una-nueva-edicion-de-jovenes-x-los-derechos-humanos\/","title":{"rendered":"Ciudad:Llega una nueva edici\u00f3n de \u00abJ\u00f3venes x los Derechos Humanos\u00bb"},"content":{"rendered":"<p>Se encuentran abiertas las inscripciones para \u201cJ\u00f3venes x los DDHH\u201d, un espacio que ofrece la oportunidad de capacitarse en diversas tem\u00e1ticas vinculadas a los derechos humanos, conocer la experiencia de activistas y referentes en el \u00e1mbito y pensar una pol\u00edtica p\u00fablica. Las juventudes poseen el entusiasmo, la capacidad y la creatividad necesaria para tener incidencia en los procesos de transformaci\u00f3n y desarrollo global. Por ello, lanzamos una nueva edici\u00f3n del programa, invitando a j\u00f3venes a participar y comprometerse con la agenda actual de derechos humanos para que, desde sus perspectivas, puedan aportar miradas innovadoras con el fin de lograr una mayor y mejor calidad de vida para sus sociedades.<\/p>\n<p>\u201cEn todo el mundo, los y las j\u00f3venes est\u00e1n impulsando cambios y la Ciudad de Buenos Aires no es la excepci\u00f3n. Por eso, con este programa buscamos brindarles herramientas que puedan servirles para liderar, representar y trabajar por la promoci\u00f3n, protecci\u00f3n y defensa de los derechos humanos\u201d, dijo Pamela Malewicz, subsecretaria de Derechos Humanos y Pluralismo Cultural de la Ciudad de Buenos Aires. Esta edici\u00f3n constar\u00e1 de tres encuentros virtuales y dos presenciales. Se trabajar\u00e1n distintas tem\u00e1ticas, tales como la historia de los derechos humanos, los desaf\u00edos actuales, el activismo y las distintas formas de comprometerse.<\/p>\n<p>En el \u00faltimo encuentro los y las participantes presentar\u00e1n en grupo propuestas que aborden alguno de los siguientes ejes: g\u00e9nero, medio ambiente, discapacidad, pluralismo cultural, memoria, entre otros. El objetivo es poder luego concretar los proyectos presentados. El comienzo de las actividades se prev\u00e9 para el mi\u00e9rcoles 3 de agosto, con una frecuencia semanal, todos los mi\u00e9rcoles a las 18 horas. Para inscribirse deber\u00e1n ingresar ac\u00e1 hasta el 1 de agosto inclusive. No te pierdas esta oportunidad para formar parte de una red de m\u00e1s de 80 j\u00f3venes para la construcci\u00f3n de una Ciudad m\u00e1s equitativa, diversa y libre de todo tipo de prejuicios y discriminaci\u00f3n.<\/p>\n","protected":false},"excerpt":{"rendered":"<p>Se encuentran abiertas las inscripciones para \u201cJ\u00f3venes x los DDHH\u201d, un espacio que ofrece la oportunidad de capacitarse en diversas tem\u00e1ticas vinculadas a los derechos humanos, conocer la experiencia de activistas y referentes en el \u00e1mbito y pensar una pol\u00edtica p\u00fablica. Las juventudes poseen el entusiasmo, la capacidad y la creatividad necesaria para tener incidencia [&hellip;]<\/p>\n","protected":false},"author":2,"featured_media":39531,"comment_status":"open","ping_status":"open","sticky":false,"template":"","format":"standard","meta":{"_et_pb_use_builder":"","_et_pb_old_content":"","_et_gb_content_width":"","footnotes":""},"categories":[11,33],"tags":[],"class_list":["post-39530","post","type-post","status-publish","format-standard","has-post-thumbnail","hentry","category-ciudad","category-sociedad-y-cultura-2"],"_links":{"self":[{"href":"https:\/\/vocesdebaires.com.ar\/index.php\/wp-json\/wp\/v2\/posts\/39530"}],"collection":[{"href":"https:\/\/vocesdebaires.com.ar\/index.php\/wp-json\/wp\/v2\/posts"}],"about":[{"href":"https:\/\/vocesdebaires.com.ar\/index.php\/wp-json\/wp\/v2\/types\/post"}],"author":[{"embeddable":true,"href":"https:\/\/vocesdebaires.com.ar\/index.php\/wp-json\/wp\/v2\/users\/2"}],"replies":[{"embeddable":true,"href":"https:\/\/vocesdebaires.com.ar\/index.php\/wp-json\/wp\/v2\/comments?post=39530"}],"version-history":[{"count":1,"href":"https:\/\/vocesdebaires.com.ar\/index.php\/wp-json\/wp\/v2\/posts\/39530\/revisions"}],"predecessor-version":[{"id":39532,"href":"https:\/\/vocesdebaires.com.ar\/index.php\/wp-json\/wp\/v2\/posts\/39530\/revisions\/39532"}],"wp:featuredmedia":[{"embeddable":true,"href":"https:\/\/vocesdebaires.com.ar\/index.php\/wp-json\/wp\/v2\/media\/39531"}],"wp:attachment":[{"href":"https:\/\/vocesdebaires.com.ar\/index.php\/wp-json\/wp\/v2\/media?parent=39530"}],"wp:term":[{"taxonomy":"category","embeddable":true,"href":"https:\/\/vocesdebaires.com.ar\/index.php\/wp-json\/wp\/v2\/categories?post=39530"},{"taxonomy":"post_tag","embeddable":true,"href":"https:\/\/vocesdebaires.com.ar\/index.php\/wp-json\/wp\/v2\/tags?post=39530"}],"curies":[{"name":"wp","href":"https:\/\/api.w.org\/{rel}","templated":true}]}}