{"id":39536,"date":"2022-07-28T00:00:29","date_gmt":"2022-07-28T03:00:29","guid":{"rendered":"https:\/\/vocesdebaires.com.ar\/?p=39536"},"modified":"2022-07-27T22:12:25","modified_gmt":"2022-07-28T01:12:25","slug":"amia-comenzaron-a-realizarse-en-tablada-ceremonias-colectivas-de-recordacion","status":"publish","type":"post","link":"https:\/\/vocesdebaires.com.ar\/index.php\/2022\/07\/28\/amia-comenzaron-a-realizarse-en-tablada-ceremonias-colectivas-de-recordacion\/","title":{"rendered":"AMIA: Comenzaron a realizarse en Tablada ceremonias colectivas"},"content":{"rendered":"<p>Cada domingo, a las 11, en la parte nueva del cementerio comunitario de Tablada, el \u00e1rea de Sepelios Comunitarios de AMIA comenz\u00f3 a brindar un nuevo servicio abierto a todos quienes quieran participar. Se trata de una breve ceremonia que se comparte entre los asistentes, y que cuenta con la compa\u00f1\u00eda de un oficiante, quien se encarga de recitar la oraci\u00f3n por la elevaci\u00f3n de las almas y el Kadish, en el marco de un espacio en el cual los presentes pueden pensar en los seres queridos que perdieron, y honrar su memoria.<\/p>\n<p><strong>Continuidad de la vida Comunitaria:<\/strong><br \/>\nComo se sabe, desde hace 128 a\u00f1os, AMIA cumple con el mandato sagrado de brindar Kever Israel, sepultura jud\u00eda a perpetuidad, a todos los integrantes de la comunidad de acuerdo con la Halaj\u00e1 (Ley Jud\u00eda). En este sentido, la administraci\u00f3n de los cementerios (Beit Jaim o \u201ccasa de la vida\u201d) es una tarea fundacional de la AMIA, y resulta clave para la continuidad de la vida comunitaria, pues el aporte que realiza cada familia para honrar la memoria de un ser querido en el momento del sepelio se destina a fortalecer las iniciativas solidarias, educativas y culturales que la instituci\u00f3n lleva adelante en forma cotidiana. El \u00e1rea de Sepelios Comunitarios cuenta con una p\u00e1gina web que re\u00fane toda la informaci\u00f3n necesaria para saber c\u00f3mo proceder ante el caso del fallecimiento de un ser querido, y contenidos vinculados con las costumbres y tradiciones jud\u00edas. El sitio es sepelioscomunitarios.amia.org.ar.<\/p>\n","protected":false},"excerpt":{"rendered":"<p>Cada domingo, a las 11, en la parte nueva del cementerio comunitario de Tablada, el \u00e1rea de Sepelios Comunitarios de AMIA comenz\u00f3 a brindar un nuevo servicio abierto a todos quienes quieran participar. Se trata de una breve ceremonia que se comparte entre los asistentes, y que cuenta con la compa\u00f1\u00eda de un oficiante, quien [&hellip;]<\/p>\n","protected":false},"author":2,"featured_media":39537,"comment_status":"open","ping_status":"open","sticky":false,"template":"","format":"standard","meta":{"_et_pb_use_builder":"","_et_pb_old_content":"","_et_gb_content_width":"","footnotes":""},"categories":[11,33],"tags":[],"class_list":["post-39536","post","type-post","status-publish","format-standard","has-post-thumbnail","hentry","category-ciudad","category-sociedad-y-cultura-2"],"_links":{"self":[{"href":"https:\/\/vocesdebaires.com.ar\/index.php\/wp-json\/wp\/v2\/posts\/39536"}],"collection":[{"href":"https:\/\/vocesdebaires.com.ar\/index.php\/wp-json\/wp\/v2\/posts"}],"about":[{"href":"https:\/\/vocesdebaires.com.ar\/index.php\/wp-json\/wp\/v2\/types\/post"}],"author":[{"embeddable":true,"href":"https:\/\/vocesdebaires.com.ar\/index.php\/wp-json\/wp\/v2\/users\/2"}],"replies":[{"embeddable":true,"href":"https:\/\/vocesdebaires.com.ar\/index.php\/wp-json\/wp\/v2\/comments?post=39536"}],"version-history":[{"count":2,"href":"https:\/\/vocesdebaires.com.ar\/index.php\/wp-json\/wp\/v2\/posts\/39536\/revisions"}],"predecessor-version":[{"id":39539,"href":"https:\/\/vocesdebaires.com.ar\/index.php\/wp-json\/wp\/v2\/posts\/39536\/revisions\/39539"}],"wp:featuredmedia":[{"embeddable":true,"href":"https:\/\/vocesdebaires.com.ar\/index.php\/wp-json\/wp\/v2\/media\/39537"}],"wp:attachment":[{"href":"https:\/\/vocesdebaires.com.ar\/index.php\/wp-json\/wp\/v2\/media?parent=39536"}],"wp:term":[{"taxonomy":"category","embeddable":true,"href":"https:\/\/vocesdebaires.com.ar\/index.php\/wp-json\/wp\/v2\/categories?post=39536"},{"taxonomy":"post_tag","embeddable":true,"href":"https:\/\/vocesdebaires.com.ar\/index.php\/wp-json\/wp\/v2\/tags?post=39536"}],"curies":[{"name":"wp","href":"https:\/\/api.w.org\/{rel}","templated":true}]}}