{"id":39541,"date":"2022-07-28T00:00:35","date_gmt":"2022-07-28T03:00:35","guid":{"rendered":"https:\/\/vocesdebaires.com.ar\/?p=39541"},"modified":"2022-07-27T22:16:15","modified_gmt":"2022-07-28T01:16:15","slug":"santilli-abad-y-etchecoin-juntos-en-la-rural-y-apoyan-al-campo","status":"publish","type":"post","link":"https:\/\/vocesdebaires.com.ar\/index.php\/2022\/07\/28\/santilli-abad-y-etchecoin-juntos-en-la-rural-y-apoyan-al-campo\/","title":{"rendered":"Santilli, Abad y Etchecoin: Juntos en la Rural y apoyan al campo"},"content":{"rendered":"<p>En el marco de la 134\u00b0 Exposici\u00f3n de la Rural, el diputado nacional Diego Santilli, el diputado bonaerense Maximiliano Abad y la senadora bonaerense Marciel Etchecoin recorrieron la muestra ayer y manifestaron su apoyo al campo. \u00abEstuvimos con Diego Santilli y Maxi Abad hablando de la importancia del sector agropecuario para nuestro pa\u00eds y la Provincia. El campo es producci\u00f3n, tecnolog\u00eda, oportunidades, fuente de trabajo y el motor que necesita la Argentina para salir adelante\u00bb, afirm\u00f3 la referente de la Coalici\u00f3n C\u00edvica en la provincia de Buenos Aires, Maricel Etchecoin.<\/p>\n<p>\u00abMe encontr\u00e9 con @MaxiAbad y @metchecoin en La Rural, donde charlamos de lo importante que es el motor productivo de la Argentina\u00bb, tuite\u00f3 Diego Santilli tras la recorrida por La Rural.<br \/>\n\u00abNo tenemos dudas: en el campo est\u00e1 la producci\u00f3n, la cultura de trabajo y los valores que el pa\u00eds y la Provincia necesitan para salir adelante\u00bb, asegur\u00f3, por su parte, el legislador nacional de Juntos por el Cambio. Santilli realizar\u00e1 hoy\u00a0 una gira por la Quinta Secci\u00f3n Electoral. El jueves visitar\u00e1 las localidades bonaerenses de Lezama, Mar Chiquita y General Madariaga. Y el viernes estar\u00e1 en Mar del Plata, Necochea y Lober\u00eda.<\/p>\n","protected":false},"excerpt":{"rendered":"<p>En el marco de la 134\u00b0 Exposici\u00f3n de la Rural, el diputado nacional Diego Santilli, el diputado bonaerense Maximiliano Abad y la senadora bonaerense Marciel Etchecoin recorrieron la muestra ayer y manifestaron su apoyo al campo. \u00abEstuvimos con Diego Santilli y Maxi Abad hablando de la importancia del sector agropecuario para nuestro pa\u00eds y la [&hellip;]<\/p>\n","protected":false},"author":2,"featured_media":39542,"comment_status":"open","ping_status":"open","sticky":false,"template":"","format":"standard","meta":{"_et_pb_use_builder":"","_et_pb_old_content":"","_et_gb_content_width":"","footnotes":""},"categories":[34,13],"tags":[],"class_list":["post-39541","post","type-post","status-publish","format-standard","has-post-thumbnail","hentry","category-politica","category-provincia"],"_links":{"self":[{"href":"https:\/\/vocesdebaires.com.ar\/index.php\/wp-json\/wp\/v2\/posts\/39541"}],"collection":[{"href":"https:\/\/vocesdebaires.com.ar\/index.php\/wp-json\/wp\/v2\/posts"}],"about":[{"href":"https:\/\/vocesdebaires.com.ar\/index.php\/wp-json\/wp\/v2\/types\/post"}],"author":[{"embeddable":true,"href":"https:\/\/vocesdebaires.com.ar\/index.php\/wp-json\/wp\/v2\/users\/2"}],"replies":[{"embeddable":true,"href":"https:\/\/vocesdebaires.com.ar\/index.php\/wp-json\/wp\/v2\/comments?post=39541"}],"version-history":[{"count":1,"href":"https:\/\/vocesdebaires.com.ar\/index.php\/wp-json\/wp\/v2\/posts\/39541\/revisions"}],"predecessor-version":[{"id":39543,"href":"https:\/\/vocesdebaires.com.ar\/index.php\/wp-json\/wp\/v2\/posts\/39541\/revisions\/39543"}],"wp:featuredmedia":[{"embeddable":true,"href":"https:\/\/vocesdebaires.com.ar\/index.php\/wp-json\/wp\/v2\/media\/39542"}],"wp:attachment":[{"href":"https:\/\/vocesdebaires.com.ar\/index.php\/wp-json\/wp\/v2\/media?parent=39541"}],"wp:term":[{"taxonomy":"category","embeddable":true,"href":"https:\/\/vocesdebaires.com.ar\/index.php\/wp-json\/wp\/v2\/categories?post=39541"},{"taxonomy":"post_tag","embeddable":true,"href":"https:\/\/vocesdebaires.com.ar\/index.php\/wp-json\/wp\/v2\/tags?post=39541"}],"curies":[{"name":"wp","href":"https:\/\/api.w.org\/{rel}","templated":true}]}}