{"id":39548,"date":"2022-07-29T00:16:55","date_gmt":"2022-07-29T03:16:55","guid":{"rendered":"https:\/\/vocesdebaires.com.ar\/?p=39548"},"modified":"2022-07-29T00:16:55","modified_gmt":"2022-07-29T03:16:55","slug":"ciudadel-same-un-servicio-que-asiste-a-350-mil-vecinos-por-ano","status":"publish","type":"post","link":"https:\/\/vocesdebaires.com.ar\/index.php\/2022\/07\/29\/ciudadel-same-un-servicio-que-asiste-a-350-mil-vecinos-por-ano\/","title":{"rendered":"Ciudad:El SAME, un servicio que asiste a 350 mil vecinos por a\u00f1o"},"content":{"rendered":"<p>El Sistema de Atenci\u00f3n M\u00e9dica de Emergencias (SAME) de la Ciudad, que en agosto cumplir\u00e1 31 a\u00f1os, asiste anualmente a un promedio de 350 mil vecinos. y garantiza un cuidado inmediato y de calidad ante cualquier urgencia m\u00e9dica las 24 horas, los 365 d\u00edas del a\u00f1o. \u00bfC\u00f3mo funciona este equipo multidisciplinario al servicio de la Ciudad? Se estima que el SAME recibe anualmente 2.700 llamadas, una cifra que en pandemia se elev\u00f3 a 25 mil. \u00abEsto se traduce en 350 mil prestaciones (acciones m\u00e9dicas), es decir en 350 mil vecinos de la Ciudad, porque en un incendio o un choque, puede haber 25, 30 personas que requieran atenci\u00f3n\u00bb, explic\u00f3 Alberto Crescenti, Director General del SAME.<\/p>\n<p>El equipo est\u00e1 compuesto por 1.300 personas, un n\u00famero equivalente a casi dos hospitales. El recurso humano tiene entrenamiento permanente ya que existen tres escuelas de formaci\u00f3n: una escuela propia de radioperadores, una escuela propia de conductores de ambulancias del SAME y la escuela de capacitaci\u00f3n permanentemente de m\u00e9dicos. Actualmente, se incorporaron seis mujeres que manejan ambulancias y est\u00e1n en miras de ampliar este n\u00famero por supuesto.<\/p>\n<p>\u00bfCu\u00e1l es el tiempo medio de llegada ante una urgencia? \u00abNormalmente, la llegada internacional es de 14 minutos. Puede variar. Puede ser mucho menos. Si se alarga el tiempo eso tampoco ser\u00eda algo negativo, porque autom\u00e1ticamente hoy trabajamos con telemedicina, por lo que el paciente jam\u00e1s pierde el contacto con un m\u00e9dico. Seguimos teniendo un 0,004% de mortalidad, una de las m\u00e1s bajas del mundo. Esto es por el excelente recurso humano que tenemos\u00bb, explic\u00f3 Crescenti.<\/p>\n<p>Es que con la aplicaci\u00f3n de la telemedicina se env\u00eda al celular del paciente las indicaciones de c\u00f3mo actuar frente a una situaci\u00f3n de urgencia, a trav\u00e9s de una videollamada. El paciente debe abrir el c\u00edrculo que dice \u201c107\u201d, y proyectar lo que le est\u00e1 pasando a \u00e9l o a un familiar. Si se trata de una parada cardiaca, se le ense\u00f1a c\u00f3mo poner las manos, c\u00f3mo masajear, hasta que el recurso del SAME llegu\u00e9.<\/p>\n<p><strong>La flota completa del SAME<\/strong><br \/>\nLas ambulancias de auxilio son 60. A esto hay que sumarle 6 ambulancias de traslados interhospitalarios, los m\u00f3viles de apoyo log\u00edstico: como unidades coronarias, unidades de respuesta r\u00e1pida, las dos unidades de Triage, las unidades neonatol\u00f3gicas, las unidades pedi\u00e1tricas, los dos helic\u00f3pteros, las tres motos, que pronto van a ser incorporadas otras tres, y pasaron a ser seis en total.<\/p>\n<p>La \u00faltima actualizaci\u00f3n, en materia de tecnolog\u00eda, de las ambulancias tiene que ver con la incorporaci\u00f3n de nuevos focos de luz en el interior de las ambulancias, y la disminuci\u00f3n de la altura, con respecto al piso, de la parte trasera donde se encuentra la persona atendida en urgencia, para mayor comodidad en la entrada y salida de las camillas. En total se mantiene un promedio de 90 veh\u00edculos en toda la flota, entre los recambios.<\/p>\n<p>La diferencia con otros pa\u00edses como Francia, Alemania o Israel es que las motos est\u00e1n tripuladas por m\u00e9dicos. No son param\u00e9dicos, est\u00e1n equipadas con cardiodesfibrilador, manta t\u00e9rmica, medicaci\u00f3n, todo lo que son elementos para la v\u00eda a\u00e9rea, como el ox\u00edgeno. Esto te da un manejo de rapidez y resoluci\u00f3n en la v\u00eda p\u00fablica. Cuando hay coaliciones en la autopista y se hace un tap\u00f3n, la moto pasa r\u00e1pido, se comunica a trav\u00e9s de la radio. Por ello es importante la incorporaci\u00f3n de estas tres unidades. De esta manera se va ampliar la cobertura en determinados barrios,va a permitir dar m\u00e1s respuestas, y formar lo que llamamos una base itinerante de motos.<\/p>\n<p>Dado que en Argentina los Hospitales est\u00e1n distribuidos de forma equidistante, el tiempo de viaje m\u00e1ximo desde el punto de una urgencia a un hospital no m\u00e1s de 10 minutos. \u00abAdem\u00e1s, otra de las cosas en las que estamos trabajando y duplicando son las bases extrahospitalarias. Hay 12 salidas de ambulancias desde hospitales. Pero despu\u00e9s tenes las 14 bases extrahospitalarias\u00bb, explic\u00f3 Crescenti.<\/p>\n<p><strong>Las bases extrahospitalarias:<\/strong><br \/>\n<strong>El SAME cuenta con presencia en todos los hospitales porte\u00f1os y con 14 bases ubicadas estrat\u00e9gicamente para asegurar una respuesta r\u00e1pida. Se encuentran en:<\/strong><\/p>\n<p>Base Zona Centro (Monserrat).<br \/>\nBase Caballito (Caballito).<br \/>\nBase Bonpland (Villa Crespo).<br \/>\nBase Centro 3 (Villa Lugano).<br \/>\nBase Monasterio (Parque Patricios).<br \/>\nBase Madero &#8211; Helic\u00f3pteros SAME (Puerto Madero).<br \/>\nBase Estaci\u00f3n Retiro Interior (Retiro).<br \/>\nBase Estaci\u00f3n Retiro exterior (Retiro).<br \/>\nBase Estaci\u00f3n Constituci\u00f3n (Constituci\u00f3n).<br \/>\nBase Ecoparque (Palermo).<br \/>\nBase Aeroparque (Palermo).<br \/>\nBase Fragata Sarmiento (Paternal).<br \/>\nBase Cobo (Flores).<br \/>\nBase Rod\u00f3 (Parque Chacabuco).<\/p>\n<p><strong>Equipo multidisciplinario de 1.300 personas.<\/strong><br \/>\n500 choferes. -350 m\u00e9dicos de distintas especialidades. -250 radiooperadores. -Otras 200 personas entre enfermeros, administrativos, soporte.<\/p>\n","protected":false},"excerpt":{"rendered":"<p>El Sistema de Atenci\u00f3n M\u00e9dica de Emergencias (SAME) de la Ciudad, que en agosto cumplir\u00e1 31 a\u00f1os, asiste anualmente a un promedio de 350 mil vecinos. y garantiza un cuidado inmediato y de calidad ante cualquier urgencia m\u00e9dica las 24 horas, los 365 d\u00edas del a\u00f1o. \u00bfC\u00f3mo funciona este equipo multidisciplinario al servicio de la [&hellip;]<\/p>\n","protected":false},"author":3,"featured_media":39549,"comment_status":"open","ping_status":"open","sticky":false,"template":"","format":"standard","meta":{"_et_pb_use_builder":"","_et_pb_old_content":"","_et_gb_content_width":"","footnotes":""},"categories":[11,33],"tags":[],"class_list":["post-39548","post","type-post","status-publish","format-standard","has-post-thumbnail","hentry","category-ciudad","category-sociedad-y-cultura-2"],"_links":{"self":[{"href":"https:\/\/vocesdebaires.com.ar\/index.php\/wp-json\/wp\/v2\/posts\/39548"}],"collection":[{"href":"https:\/\/vocesdebaires.com.ar\/index.php\/wp-json\/wp\/v2\/posts"}],"about":[{"href":"https:\/\/vocesdebaires.com.ar\/index.php\/wp-json\/wp\/v2\/types\/post"}],"author":[{"embeddable":true,"href":"https:\/\/vocesdebaires.com.ar\/index.php\/wp-json\/wp\/v2\/users\/3"}],"replies":[{"embeddable":true,"href":"https:\/\/vocesdebaires.com.ar\/index.php\/wp-json\/wp\/v2\/comments?post=39548"}],"version-history":[{"count":1,"href":"https:\/\/vocesdebaires.com.ar\/index.php\/wp-json\/wp\/v2\/posts\/39548\/revisions"}],"predecessor-version":[{"id":39550,"href":"https:\/\/vocesdebaires.com.ar\/index.php\/wp-json\/wp\/v2\/posts\/39548\/revisions\/39550"}],"wp:featuredmedia":[{"embeddable":true,"href":"https:\/\/vocesdebaires.com.ar\/index.php\/wp-json\/wp\/v2\/media\/39549"}],"wp:attachment":[{"href":"https:\/\/vocesdebaires.com.ar\/index.php\/wp-json\/wp\/v2\/media?parent=39548"}],"wp:term":[{"taxonomy":"category","embeddable":true,"href":"https:\/\/vocesdebaires.com.ar\/index.php\/wp-json\/wp\/v2\/categories?post=39548"},{"taxonomy":"post_tag","embeddable":true,"href":"https:\/\/vocesdebaires.com.ar\/index.php\/wp-json\/wp\/v2\/tags?post=39548"}],"curies":[{"name":"wp","href":"https:\/\/api.w.org\/{rel}","templated":true}]}}