{"id":39562,"date":"2022-07-29T11:54:39","date_gmt":"2022-07-29T14:54:39","guid":{"rendered":"https:\/\/vocesdebaires.com.ar\/?p=39562"},"modified":"2022-07-29T11:54:39","modified_gmt":"2022-07-29T14:54:39","slug":"en-la-ciudad-migliore-y-quiros-se-sumaron-al-operativo-frio","status":"publish","type":"post","link":"https:\/\/vocesdebaires.com.ar\/index.php\/2022\/07\/29\/en-la-ciudad-migliore-y-quiros-se-sumaron-al-operativo-frio\/","title":{"rendered":"En la ciudad: Migliore y Quir\u00f3s se sumaron al operativo fr\u00edo"},"content":{"rendered":"<p>La Ministra de Desarrollo Humano y H\u00e1bitat, Mar\u00eda Migliore y el Ministro de Salud, Fern\u00e1n Quir\u00f3s participaron del Operativo Fr\u00edo y acompa\u00f1aron a los equipos especializados del BAP (Buenos Aires Presente), que recorren las calles de todas las comunas de la Ciudad, para asistir a personas en situaci\u00f3n de calle durante las noches m\u00e1s fr\u00edas del a\u00f1o. El Operativo Fr\u00edo es una herramienta central que se activa durante junio, julio y agosto, dentro de la pol\u00edtica de asistencia integral para personas en situaci\u00f3n de calle que funciona las 24 horas, los 365 d\u00edas del a\u00f1o, a trav\u00e9s de la L\u00ednea 108, el programa Buenos Aires Presente y la red de 38 Centros de Inclusi\u00f3n Social, donde se le ofrece a las personas en situaci\u00f3n de vulnerabilidad las 4 comidas, una ducha caliente y contenci\u00f3n integral profesional para que puedan reinsertarse socialmente. \u201cEl Operativo Fr\u00edo sigue durante todo el invierno y dentro del gabinete porte\u00f1o fomentamos que el equipo se involucre y participe. Es muy importante para todo el equipo del BAP que ministros como Fern\u00e1n vengan a acompa\u00f1ar y ayuden a visibilizar esta pol\u00edtica p\u00fablica de calidad que desarrollamos desde la Ciudad para las personas que se encuentran en situaci\u00f3n de calle\u201d, dijo Migliore.<\/p>\n<p>Por su parte, el ministro de Salud, Fern\u00e1n Quir\u00f3s expres\u00f3: \u00abEs muy importante el trabajo que se lleva adelante en el Operativo. Se trata de personas en una situaci\u00f3n de extrema vulnerabilidad que necesitan una contenci\u00f3n emocional, f\u00edsica y social, y eso es lo que se les brinda\u00bb. Adem\u00e1s, detall\u00f3: \u00abEstamos en per\u00edodos de bajas temperaturas, lo que puede llevar a problemas o complicaciones de salud para quien no tenga la posibilidad de tener un techo. Por ello, en los Centros de Inclusi\u00f3n tienen la oportunidad de realizarse controles m\u00e9dicos y tener asistencia psicol\u00f3gica\u201d.<\/p>\n<p><strong>C\u00f3mo funciona el Operativo Fr\u00edo:<\/strong><br \/>\nA partir de recorridos diarios, se detectan los puntos cr\u00edticos y se lleva adelante la trazabilidad de la situaci\u00f3n de cada persona en situaci\u00f3n de calle, con informaci\u00f3n digitalizada y actualizada acerca de las distintas intervenciones y de la evoluci\u00f3n de la situaci\u00f3n de cada una de las personas asistidas. Atendida la emergencia en primera instancia, el equipo del BAP se pone al servicio para acompa\u00f1ar en todos los aspectos de su revinculaci\u00f3n social y en el rearmado de su propio proyecto de vida, con intervenciones concretas como la tramitaci\u00f3n del DNI, del subsidio habitacional y de seguridad alimentaria. El abordaje integral se completa en los Centros de Inclusi\u00f3n Social, donde se realizan chequeos m\u00e9dicos, se brinda asistencia psicol\u00f3gica y talleres de oficios y se promueve la revinculaci\u00f3n familiar y la terminalidad educativa.<\/p>\n<p><strong>L\u00ednea 108:<\/strong><br \/>\nCualquier persona de la Ciudad puede llamar para recibir atenci\u00f3n, o avisar sobre una persona que se encuentra en situaci\u00f3n de vulnerabilidad social. La 108 es una l\u00ednea que atiende las 24 horas durante todo el a\u00f1o, en la que llaman tanto vecinos como personas que est\u00e1n en situaci\u00f3n de calle y necesitan asistencia. En los meses de mayor fr\u00edo, las llamadas al 108 se incrementan entre un 45% y un 50% respecto al resto del a\u00f1o. En 2021, el total de llamadas realizadas al 108 fueron de 128.276, y en el mes de junio se produjo un pico con 15.693 llamados. En lo que va del a\u00f1o, ya se recibieron m\u00e1s de 79.000 llamadas, en las que se registra un promedio de 383 por semana. En la primera semana de Julio de 2022 se atendieron 2.686 llamados a la linea 108, y desde el comienzo del operativo el 1 de Junio hasta la fecha, se registraron un total de 16.370 llamadas al 108.<\/p>\n<p><strong>C\u00f3mo es el proceso de abordaje:<\/strong><br \/>\nAl vecino o vecina que llama al 108, se le toman los datos sobre el caso de vulnerabilidad social que reporta para luego, en caso de que la personas lo desee, poder dar una devoluci\u00f3n de la intervenci\u00f3n en el caso. Por otro lado, si es una persona en situaci\u00f3n de calle la que toma contacto con el 108, se le pregunta el nombre, el tiempo que lleva en esa situaci\u00f3n, si tiene pertenencias y otra informaci\u00f3n vinculada al caso espec\u00edfico. En ambas situaciones, se confecciona una carta con las caracter\u00edsticas del caso, y un despachante.<\/p>\n<p>A partir de esta instancia, ingresar\u00e1 a la central BAP, que deriva a un equipo, para realizar el abordaje en campo y asistir a las personas que se encuentran en el lugar. El equipo multidisciplinario de operadores sociales interviene cada caso de manera individual, implementando una estrategia segmentada seg\u00fan el nivel de complejidad. A todas las personas que se encuentran en situaci\u00f3n de calle, la Ciudad les ofrece el traslado a uno de los Centros de Inclusi\u00f3n Social (CIS), adaptados para grupos familiares, para personas solas (seg\u00fan su g\u00e9nero) o para madres con ni\u00f1as o ni\u00f1os, en los que se brinda un \u00e1mbito de contenci\u00f3n y atenci\u00f3n para promover la reinserci\u00f3n socio-laboral.<\/p>\n<p>Centros de Inclusi\u00f3n Social:<br \/>\nLa Ciudad dispone actualmente de 38 centros de alojamiento permanentes, y 3 centros de emergencia abiertos desde el inicio de la pandemia (Parque Roca I, II, III), sumando un total de 2.545 plazas, de las que se encuentran ocupadas 1.731. Todos los dispositivos cuentan con servicio de ducha, elementos de aseo personal, 4 comidas, talleres para contenci\u00f3n psicol\u00f3gica, as\u00ed como tambi\u00e9n para la inserci\u00f3n social, laboral y oportunidades de revinculaci\u00f3n familiar.<br \/>\nDurante el \u00faltimo a\u00f1o, el Ministerio de Desarrollo Humano y H\u00e1bitat realiz\u00f3 obras de infraestructura en 3 de los Centros de Inclusi\u00f3n de gesti\u00f3n propia m\u00e1s grandes: Costanera Sur, Beppo Ghezzi y Hogar F\u00e9lix Lora. Adem\u00e1s, se realizaron convenios con nuevos dispositivos que incrementan la aceptaci\u00f3n del traslado para las personas que lo necesitan.<br \/>\nHoy, la red de Centros de Inclusi\u00f3n cuenta con m\u00e1s de 1.500 personas entre hombres y mujeres solos, mujeres con ni\u00f1os y familias<\/p>\n","protected":false},"excerpt":{"rendered":"<p>La Ministra de Desarrollo Humano y H\u00e1bitat, Mar\u00eda Migliore y el Ministro de Salud, Fern\u00e1n Quir\u00f3s participaron del Operativo Fr\u00edo y acompa\u00f1aron a los equipos especializados del BAP (Buenos Aires Presente), que recorren las calles de todas las comunas de la Ciudad, para asistir a personas en situaci\u00f3n de calle durante las noches m\u00e1s fr\u00edas [&hellip;]<\/p>\n","protected":false},"author":2,"featured_media":39563,"comment_status":"open","ping_status":"open","sticky":false,"template":"","format":"standard","meta":{"_et_pb_use_builder":"","_et_pb_old_content":"","_et_gb_content_width":"","footnotes":""},"categories":[11,33],"tags":[],"class_list":["post-39562","post","type-post","status-publish","format-standard","has-post-thumbnail","hentry","category-ciudad","category-sociedad-y-cultura-2"],"_links":{"self":[{"href":"https:\/\/vocesdebaires.com.ar\/index.php\/wp-json\/wp\/v2\/posts\/39562"}],"collection":[{"href":"https:\/\/vocesdebaires.com.ar\/index.php\/wp-json\/wp\/v2\/posts"}],"about":[{"href":"https:\/\/vocesdebaires.com.ar\/index.php\/wp-json\/wp\/v2\/types\/post"}],"author":[{"embeddable":true,"href":"https:\/\/vocesdebaires.com.ar\/index.php\/wp-json\/wp\/v2\/users\/2"}],"replies":[{"embeddable":true,"href":"https:\/\/vocesdebaires.com.ar\/index.php\/wp-json\/wp\/v2\/comments?post=39562"}],"version-history":[{"count":1,"href":"https:\/\/vocesdebaires.com.ar\/index.php\/wp-json\/wp\/v2\/posts\/39562\/revisions"}],"predecessor-version":[{"id":39564,"href":"https:\/\/vocesdebaires.com.ar\/index.php\/wp-json\/wp\/v2\/posts\/39562\/revisions\/39564"}],"wp:featuredmedia":[{"embeddable":true,"href":"https:\/\/vocesdebaires.com.ar\/index.php\/wp-json\/wp\/v2\/media\/39563"}],"wp:attachment":[{"href":"https:\/\/vocesdebaires.com.ar\/index.php\/wp-json\/wp\/v2\/media?parent=39562"}],"wp:term":[{"taxonomy":"category","embeddable":true,"href":"https:\/\/vocesdebaires.com.ar\/index.php\/wp-json\/wp\/v2\/categories?post=39562"},{"taxonomy":"post_tag","embeddable":true,"href":"https:\/\/vocesdebaires.com.ar\/index.php\/wp-json\/wp\/v2\/tags?post=39562"}],"curies":[{"name":"wp","href":"https:\/\/api.w.org\/{rel}","templated":true}]}}