{"id":39573,"date":"2022-08-01T00:00:58","date_gmt":"2022-08-01T03:00:58","guid":{"rendered":"https:\/\/vocesdebaires.com.ar\/?p=39573"},"modified":"2022-07-31T17:25:56","modified_gmt":"2022-07-31T20:25:56","slug":"recuperacion-economica-atanasof-el-transito-en-rutas-nacionales-crecio-el-27","status":"publish","type":"post","link":"https:\/\/vocesdebaires.com.ar\/index.php\/2022\/08\/01\/recuperacion-economica-atanasof-el-transito-en-rutas-nacionales-crecio-el-27\/","title":{"rendered":"Recuperaci\u00f3n econ\u00f3mica: Atanasof \u00abEl tr\u00e1nsito en rutas nacionales creci\u00f3"},"content":{"rendered":"<p>El presidente de la empresa p\u00fablica Corredores Viales, concesionaria de rutas nacionales en 13 provincias argentinas, asegur\u00f3 que es notoria la recuperaci\u00f3n de la econom\u00eda en sectores clave: \u201cel tr\u00e1nsito que circula por los 6 mil kil\u00f3metros de rutas nacionales y autopistas que administramos, creci\u00f3 el 26,9 por ciento respecto a 2021 y un 13,6 por ciento respecto a 2019\u201d.<br \/>\n\u201cPor nuestras rutas viajan el turismo y el transporte de carga hacia las distintas provincias, y hacia los puertos para exportar al mundo. Cada d\u00eda vemos m\u00e1s camiones pasando por nuestros peajes, un s\u00edntoma de una econom\u00eda que est\u00e1 recuper\u00e1ndose.<\/p>\n<p>Y durante las vacaciones de verano e invierno, hubo un fuerte aumento del turismo interno, lo que se refleja en una mayor demanda de hoteles y restaurantes\u201d, afirm\u00f3 Atanasof.\u00a0 Los datos corresponden a las 42 estaciones de peaje que la empresa p\u00fablica, cuyos accionistas son el Ministerio de Obras P\u00fablicas de la Naci\u00f3n y Vialidad Nacional, tiene en las autopistas Riccheri, Jorge Newbery, Ezeiza-Ca\u00f1uelas. Buenos Aires-C\u00f3rdoba y C\u00f3rdoba-Rosario, y en las rutas nacionales 7,8,9,12, 16, 5, 34,19,188, 205 y 226 que atraviesan 13 provincias. \u201cEstos n\u00fameros acompa\u00f1an los \u00faltimos datos del Indec, que nos est\u00e1 mostrando un aumento de la actividad en sectores clave como los servicios, la construcci\u00f3n y el transporte\u201d, detall\u00f3. Seg\u00fan datos del Indec, la actividad econ\u00f3mica creci\u00f3 6,2 % en los primeros cinco meses de este a\u00f1o.<\/p>\n<p>Por rubros, la principal suba se registr\u00f3 en Hoteles y Restaurantes, con una mejora del 44,3% interanual. El segundo fue \u201cExplotaci\u00f3n de Minas y Canteras\u201d, con un incremento del 14,2%, seguido por la Construcci\u00f3n 13,8%; Comercio Mayorista y Minorista, 11,6%; Transporte y Comunicaci\u00f3n, 11%; y la Industria Manufacturera, con una suba del 10,6%. En tanto, el rubro Pesca marc\u00f3 una mejora de 9,9% interanual; la Administraci\u00f3n P\u00fablica, defensa y seguridad, 9,6%; Impuestos netos y subsidios, 9,3%; y la Generaci\u00f3n de Electricidad, gas y agua, 7,8%. Las actividades inmobiliarias subieron el 7,3%; Ense\u00f1anza, 6,3%; Intermediaci\u00f3n financiera, 2,8%; y Servicios Sociales y de salud, 1,3%.<\/p>\n","protected":false},"excerpt":{"rendered":"<p>El presidente de la empresa p\u00fablica Corredores Viales, concesionaria de rutas nacionales en 13 provincias argentinas, asegur\u00f3 que es notoria la recuperaci\u00f3n de la econom\u00eda en sectores clave: \u201cel tr\u00e1nsito que circula por los 6 mil kil\u00f3metros de rutas nacionales y autopistas que administramos, creci\u00f3 el 26,9 por ciento respecto a 2021 y un 13,6 [&hellip;]<\/p>\n","protected":false},"author":3,"featured_media":39574,"comment_status":"open","ping_status":"open","sticky":false,"template":"","format":"standard","meta":{"_et_pb_use_builder":"","_et_pb_old_content":"","_et_gb_content_width":"","footnotes":""},"categories":[34,13],"tags":[],"class_list":["post-39573","post","type-post","status-publish","format-standard","has-post-thumbnail","hentry","category-politica","category-provincia"],"_links":{"self":[{"href":"https:\/\/vocesdebaires.com.ar\/index.php\/wp-json\/wp\/v2\/posts\/39573"}],"collection":[{"href":"https:\/\/vocesdebaires.com.ar\/index.php\/wp-json\/wp\/v2\/posts"}],"about":[{"href":"https:\/\/vocesdebaires.com.ar\/index.php\/wp-json\/wp\/v2\/types\/post"}],"author":[{"embeddable":true,"href":"https:\/\/vocesdebaires.com.ar\/index.php\/wp-json\/wp\/v2\/users\/3"}],"replies":[{"embeddable":true,"href":"https:\/\/vocesdebaires.com.ar\/index.php\/wp-json\/wp\/v2\/comments?post=39573"}],"version-history":[{"count":2,"href":"https:\/\/vocesdebaires.com.ar\/index.php\/wp-json\/wp\/v2\/posts\/39573\/revisions"}],"predecessor-version":[{"id":39576,"href":"https:\/\/vocesdebaires.com.ar\/index.php\/wp-json\/wp\/v2\/posts\/39573\/revisions\/39576"}],"wp:featuredmedia":[{"embeddable":true,"href":"https:\/\/vocesdebaires.com.ar\/index.php\/wp-json\/wp\/v2\/media\/39574"}],"wp:attachment":[{"href":"https:\/\/vocesdebaires.com.ar\/index.php\/wp-json\/wp\/v2\/media?parent=39573"}],"wp:term":[{"taxonomy":"category","embeddable":true,"href":"https:\/\/vocesdebaires.com.ar\/index.php\/wp-json\/wp\/v2\/categories?post=39573"},{"taxonomy":"post_tag","embeddable":true,"href":"https:\/\/vocesdebaires.com.ar\/index.php\/wp-json\/wp\/v2\/tags?post=39573"}],"curies":[{"name":"wp","href":"https:\/\/api.w.org\/{rel}","templated":true}]}}