{"id":39577,"date":"2022-08-01T00:00:11","date_gmt":"2022-08-01T03:00:11","guid":{"rendered":"https:\/\/vocesdebaires.com.ar\/?p=39577"},"modified":"2022-07-31T17:29:43","modified_gmt":"2022-07-31T20:29:43","slug":"ciudadculmino-el-primer-seminario-regional-de-liderazgo-en-seguridad-publica","status":"publish","type":"post","link":"https:\/\/vocesdebaires.com.ar\/index.php\/2022\/08\/01\/ciudadculmino-el-primer-seminario-regional-de-liderazgo-en-seguridad-publica\/","title":{"rendered":"Culmin\u00f3 el Primer Seminario Regional de Liderazgo en Seguridad P\u00fablica"},"content":{"rendered":"<p>\u201cEstoy orgulloso de poder estar cerrando este encuentro y quiero agradecerles por su participaci\u00f3n. No permitan que la pol\u00edtica divida por tonteras cosas que la vocaci\u00f3n tiene que unir. Hoy muchas de nuestras investigaciones nos llevan a provincias hermanas. Lo que tenemos que hacer es conocernos y trabajar en equipo porque la Seguridad no tiene una bandera pol\u00edtica\u201d, afirm\u00f3 D\u2019Alessandro. Las charlas del Seminario se brindaron en el Instituto Superior de Seguridad P\u00fablica (ISSP) y durante los cinco d\u00edas, los participantes visitaron y conocieron distintas instalaciones de la Polic\u00eda de la Ciudad con el 911, el Centro de Monitoreo Urbano, la Polic\u00eda Cient\u00edfica y el Anillo Digital.<\/p>\n<p>D\u2019Alessandro agradeci\u00f3 la presencia de los efectivos de distintos puntos del pa\u00eds y del continente, e hizo un detalle de su gesti\u00f3n pol\u00edtica al frente de la cartera de Seguridad. \u201cCuando asumimos la responsabilidad de tomar la Seguridad en la Ciudad de Buenos Aires vimos una gran oportunidad de generar los cambios que estaba demandando la sociedad. No fue f\u00e1cil, pero fue duro porque ten\u00edamos que reconstruir la confianza en la ciudadan\u00eda, pero tambi\u00e9n en los hombres y mujeres que forman parte de esta instituci\u00f3n. As\u00ed creamos una polic\u00eda nueva y moderna, con la experiencia de sus integrantes y la posibilidad de abrir la mente ante estos nuevos desaf\u00edos. Y en eso quiero destacar la conducci\u00f3n de esta polic\u00eda en el nombre de Gabriel Berard y de toda la plana que pudo llevar estos cambios y consolidarlos.<\/p>\n<p>El cambio se hace todos los d\u00edas\u201d, resalt\u00f3 el ministro. Y agreg\u00f3: \u201cLo primero que hicimos fue basar nuestra instituci\u00f3n policial en cuatro pilares fundamentales: la formaci\u00f3n permanente, el control civil, la tecnolog\u00eda y la transparencia en los datos\u201d. Durante el seminario, se describieron las eficientes pol\u00edticas implementadas por la Ciudad que permitieron tener las tasas de delito m\u00e1s bajas en 27 a\u00f1os. Adem\u00e1s, se abund\u00f3 sobre las herramientas utilizadas, como el Mapa del Delito, como factor fundamental para tener un conocimiento de las zonas m\u00e1s afectadas, la permanente capacitaci\u00f3n de los integrantes de la Polic\u00eda de la Ciudad y el trabajo de cercan\u00eda con el vecino.<\/p>\n<p>\u201cS\u00f3lo tengo palabras de agradecimiento, le agradezco al Ministerio de Justicia y Seguridad, al ISSP y especialmente a los convocados, no tengo dudas que esto es un primer paso para mejorar la calidad de trabajo y servicio. Nuestro Norte siempre tiene que ser cuidar y darle tranquilidad a los ciudadanos\u201d, afirm\u00f3 el jefe de la polic\u00eda de la Ciudad, Gabriel Berard. Berard sostuvo que \u201clos cinco d\u00edas fueron muy positivos\u201d para intercambiar experiencias y conocimientos tanto operativos como tecnol\u00f3gicos. En las jornadas, Diane Brown, oficial del Departamento de Polic\u00eda de Nueva York, record\u00f3 que \u201cdesde 2016 hay intercambio de informaci\u00f3n con el Ministerio por lo que consideramos que este seminario es muy \u00fatil para poder explicar lo que nosotros hacemos y tambi\u00e9n para intercambiar lo que hace a las buenas pr\u00e1cticas\u201d.<\/p>\n<p>Como oradores destacados del extranjero, adem\u00e1s de la oficial Brown, estuvieron el oficial \u00c9ric Gonz\u00e1lez, director del Centro de Entrenamiento del Departamento de la Polic\u00eda de Miami, y Ricardo Hern\u00e1ndez, representante del FBI. Este seminario se organiz\u00f3 en el marco del programa de relacionamiento, colaboraci\u00f3n y firma de convenios que el Ministerio de Justicia y Seguridad inici\u00f3 desde la creaci\u00f3n de la Polic\u00eda de la Ciudad con las polic\u00edas m\u00e1s avanzadas del mundo, como el NYPD de los Estados Unidos, la Polic\u00eda londinense y mozos de Barcelona, especialmente, para casos de Crimen Organizado Transnacional y Terrorismo.<\/p>\n<p>En el evento hubo tambi\u00e9n representantes de Colombia, Espa\u00f1a, Francia, Per\u00fa y Uruguay, adem\u00e1s de enviados de las provincias de Buenos Aires, Catamarca, Chaco, C\u00f3rdoba, Corrientes, Formosa, Jujuy, La Rioja, Mendoza, Neuqu\u00e9n, R\u00edo Negro, Salta, San Juan, San Luis, Santa Cruz, Santa Fe y Tucum\u00e1n y de la Polic\u00eda Federal Argentina (PFA). Los visitantes participaron de recorridas al Centro de Monitoreo Urbano de la Polic\u00eda de la Ciudad, al Anillo Digital, la Polic\u00eda Cient\u00edfica, 911 y la Divisi\u00f3n Delitos Tecnol\u00f3gicos, todas dependencias de valioso aporte a la fuerza porte\u00f1a para la investigaci\u00f3n y el esclarecimiento de casos delictivos.<\/p>\n","protected":false},"excerpt":{"rendered":"<p>\u201cEstoy orgulloso de poder estar cerrando este encuentro y quiero agradecerles por su participaci\u00f3n. No permitan que la pol\u00edtica divida por tonteras cosas que la vocaci\u00f3n tiene que unir. Hoy muchas de nuestras investigaciones nos llevan a provincias hermanas. Lo que tenemos que hacer es conocernos y trabajar en equipo porque la Seguridad no tiene [&hellip;]<\/p>\n","protected":false},"author":3,"featured_media":39578,"comment_status":"open","ping_status":"open","sticky":false,"template":"","format":"standard","meta":{"_et_pb_use_builder":"","_et_pb_old_content":"","_et_gb_content_width":"","footnotes":""},"categories":[11,33],"tags":[],"class_list":["post-39577","post","type-post","status-publish","format-standard","has-post-thumbnail","hentry","category-ciudad","category-sociedad-y-cultura-2"],"_links":{"self":[{"href":"https:\/\/vocesdebaires.com.ar\/index.php\/wp-json\/wp\/v2\/posts\/39577"}],"collection":[{"href":"https:\/\/vocesdebaires.com.ar\/index.php\/wp-json\/wp\/v2\/posts"}],"about":[{"href":"https:\/\/vocesdebaires.com.ar\/index.php\/wp-json\/wp\/v2\/types\/post"}],"author":[{"embeddable":true,"href":"https:\/\/vocesdebaires.com.ar\/index.php\/wp-json\/wp\/v2\/users\/3"}],"replies":[{"embeddable":true,"href":"https:\/\/vocesdebaires.com.ar\/index.php\/wp-json\/wp\/v2\/comments?post=39577"}],"version-history":[{"count":2,"href":"https:\/\/vocesdebaires.com.ar\/index.php\/wp-json\/wp\/v2\/posts\/39577\/revisions"}],"predecessor-version":[{"id":39580,"href":"https:\/\/vocesdebaires.com.ar\/index.php\/wp-json\/wp\/v2\/posts\/39577\/revisions\/39580"}],"wp:featuredmedia":[{"embeddable":true,"href":"https:\/\/vocesdebaires.com.ar\/index.php\/wp-json\/wp\/v2\/media\/39578"}],"wp:attachment":[{"href":"https:\/\/vocesdebaires.com.ar\/index.php\/wp-json\/wp\/v2\/media?parent=39577"}],"wp:term":[{"taxonomy":"category","embeddable":true,"href":"https:\/\/vocesdebaires.com.ar\/index.php\/wp-json\/wp\/v2\/categories?post=39577"},{"taxonomy":"post_tag","embeddable":true,"href":"https:\/\/vocesdebaires.com.ar\/index.php\/wp-json\/wp\/v2\/tags?post=39577"}],"curies":[{"name":"wp","href":"https:\/\/api.w.org\/{rel}","templated":true}]}}