{"id":39585,"date":"2022-08-01T00:00:27","date_gmt":"2022-08-01T03:00:27","guid":{"rendered":"https:\/\/vocesdebaires.com.ar\/?p=39585"},"modified":"2022-07-31T17:28:41","modified_gmt":"2022-07-31T20:28:41","slug":"en-la-ciudaddos-nuevas-exposiciones-en-el-parque-de-la-memoria","status":"publish","type":"post","link":"https:\/\/vocesdebaires.com.ar\/index.php\/2022\/08\/01\/en-la-ciudaddos-nuevas-exposiciones-en-el-parque-de-la-memoria\/","title":{"rendered":"En la Ciudad:Dos nuevas exposiciones en el Parque de la Memoria"},"content":{"rendered":"<p>A 21 a\u00f1os de su muerte, y luego de un largo per\u00edodo en el que su archivo permaneci\u00f3 resguardado, se presenta Alicia D\u2019Amico, una identidad en fuga, la primera exposici\u00f3n antol\u00f3gica de la artista. Curada por Mar\u00eda Laura Rosa y Tamara Garc\u00eda Iglesias, la muestra recupera las obras de la fot\u00f3grafa feminista y pionera, y da cuenta de las diferentes tem\u00e1ticas en las que trabaj\u00f3 a lo largo de m\u00e1s de cuarenta a\u00f1os.Desde sus investigaciones en torno a la identidad femenina a trav\u00e9s de retratos y desnudos hasta su compromiso en las calles con su lente como instrumento puesto a disposici\u00f3n de los movimientos feministas, esta exposici\u00f3n invita a hacer un recorrido por la carrera de D\u2019Amico y a reflexionar sobre la vigencia que tienen estas discusiones en la actualidad.<\/p>\n<p>El segundo estreno se trata de Escala 1-43: Juguetes, historia y cultura material, una exposici\u00f3n en donde se entremezcla la historia pol\u00edtica de la Argentina con una selecci\u00f3n de juguetes producidos y\/o comercializados en el pa\u00eds. Curada por Jordana Blejmar, Natalia Fortuny y Mart\u00edn Leg\u00f3n, la exhibici\u00f3n es el resultado de una larga investigaci\u00f3n en la que los juguetes son analizados como parte fundamental del patrimonio cultural: son documentos hist\u00f3ricos, \u00edconos de \u00e9poca, dispositivos de ficci\u00f3n.<\/p>\n<p>As\u00ed, la exposici\u00f3n traza un recorrido que comienza en los a\u00f1os cuarenta y cincuenta, durante el peronismo, con bloques y juegos de construcci\u00f3n como reflejo de esa \u00e9poca. La irrupci\u00f3n de la dictadura, que pone en primer plano la violencia pol\u00edtica, se traslada a los juegos de mesa de guerra y a los mu\u00f1ecos que evocan lo traum\u00e1tico y lo siniestro: espectros, dobles, desaparecidos. Para finalizar, la llegada de los noventa pone de manifiesto las consecuencias del neoliberalismo y el consumo, a la vez que abraza al arte como un espacio de encuentro colectivo.<\/p>\n<p><strong>No te lo pierdas<\/strong><br \/>\nEl Parque de la Memoria, dependiente de la Subsecretar\u00eda de Derechos Humanos y Pluralismo Cultural de la Ciudad de Buenos Aires, es un espacio p\u00fablico destinado para homenajear a las v\u00edctimas del terrorismo de Estado. En \u00e9l se conjugan la contundencia de un monumento donde est\u00e1n inscriptos los nombres de los desaparecidos y asesinados por el accionar represivo estatal, la capacidad cr\u00edtica que despierta el arte contempor\u00e1neo y el contacto visual directo con el R\u00edo de la Plata, testimonio mudo del destino de muchas de las v\u00edctimas.<\/p>\n","protected":false},"excerpt":{"rendered":"<p>A 21 a\u00f1os de su muerte, y luego de un largo per\u00edodo en el que su archivo permaneci\u00f3 resguardado, se presenta Alicia D\u2019Amico, una identidad en fuga, la primera exposici\u00f3n antol\u00f3gica de la artista. Curada por Mar\u00eda Laura Rosa y Tamara Garc\u00eda Iglesias, la muestra recupera las obras de la fot\u00f3grafa feminista y pionera, y [&hellip;]<\/p>\n","protected":false},"author":3,"featured_media":39586,"comment_status":"open","ping_status":"open","sticky":false,"template":"","format":"standard","meta":{"_et_pb_use_builder":"","_et_pb_old_content":"","_et_gb_content_width":"","footnotes":""},"categories":[11,33],"tags":[],"class_list":["post-39585","post","type-post","status-publish","format-standard","has-post-thumbnail","hentry","category-ciudad","category-sociedad-y-cultura-2"],"_links":{"self":[{"href":"https:\/\/vocesdebaires.com.ar\/index.php\/wp-json\/wp\/v2\/posts\/39585"}],"collection":[{"href":"https:\/\/vocesdebaires.com.ar\/index.php\/wp-json\/wp\/v2\/posts"}],"about":[{"href":"https:\/\/vocesdebaires.com.ar\/index.php\/wp-json\/wp\/v2\/types\/post"}],"author":[{"embeddable":true,"href":"https:\/\/vocesdebaires.com.ar\/index.php\/wp-json\/wp\/v2\/users\/3"}],"replies":[{"embeddable":true,"href":"https:\/\/vocesdebaires.com.ar\/index.php\/wp-json\/wp\/v2\/comments?post=39585"}],"version-history":[{"count":1,"href":"https:\/\/vocesdebaires.com.ar\/index.php\/wp-json\/wp\/v2\/posts\/39585\/revisions"}],"predecessor-version":[{"id":39587,"href":"https:\/\/vocesdebaires.com.ar\/index.php\/wp-json\/wp\/v2\/posts\/39585\/revisions\/39587"}],"wp:featuredmedia":[{"embeddable":true,"href":"https:\/\/vocesdebaires.com.ar\/index.php\/wp-json\/wp\/v2\/media\/39586"}],"wp:attachment":[{"href":"https:\/\/vocesdebaires.com.ar\/index.php\/wp-json\/wp\/v2\/media?parent=39585"}],"wp:term":[{"taxonomy":"category","embeddable":true,"href":"https:\/\/vocesdebaires.com.ar\/index.php\/wp-json\/wp\/v2\/categories?post=39585"},{"taxonomy":"post_tag","embeddable":true,"href":"https:\/\/vocesdebaires.com.ar\/index.php\/wp-json\/wp\/v2\/tags?post=39585"}],"curies":[{"name":"wp","href":"https:\/\/api.w.org\/{rel}","templated":true}]}}