{"id":39588,"date":"2022-08-01T00:00:58","date_gmt":"2022-08-01T03:00:58","guid":{"rendered":"https:\/\/vocesdebaires.com.ar\/?p=39588"},"modified":"2022-07-31T17:19:17","modified_gmt":"2022-07-31T20:19:17","slug":"ba-celebra-veni-y-disfruta-lo-mejor-de-la-cultura-de-12-paises","status":"publish","type":"post","link":"https:\/\/vocesdebaires.com.ar\/index.php\/2022\/08\/01\/ba-celebra-veni-y-disfruta-lo-mejor-de-la-cultura-de-12-paises\/","title":{"rendered":"BA Celebra: Ven\u00ed y disfrut\u00e1 lo mejor de la cultura de 12 pa\u00edses"},"content":{"rendered":"<p>Para seguir compartiendo y conociendo m\u00e1s sobre las diversas culturas que conviven en nuestra Ciudad, acercate a Avenida de Mayo el s\u00e1bado 6 de agosto. Desde las 12 hasta las 18 horas recibimos a artistas, emprendimientos, cocineros y cocineras de Alemania, Austria, Armenia, Bulgaria, Dinamarca, Eslovaquia, Grecia, Montenegro, Noruega, Polonia, Rep\u00fablica Checa y Suecia; para celebrar sus costumbres en el BA Celebra. Los vecinos y vecinas de la ciudad podr\u00e1n recorrer 50 stands gastron\u00f3micos, artesanales y culturales para pasar una tarde marcada por la diversidad cultural.<\/p>\n<p>A lo largo de la tarde habr\u00e1 recreaci\u00f3n de luchas medievales y quienes asistan podr\u00e1n ver la representaci\u00f3n de un campamento n\u00f3rdico en el que se demostrar\u00e1n m\u00e9todos de cocina al aire libre. \u201cCada fin de semana de BA Celebra la Av. de Mayo se convierte en un polo de la pluriculturalidad porte\u00f1a y es algo de lo que estamos muy orgullosos desde el Gobierno de la Ciudad. Esta vez homenajeamos a 12 colectividades de unas culturas muy ricas que deseamos que todos y todas puedan venir a conocer. \u00a1Los esperamos!\u201d, destac\u00f3 Pamela Malewicz, subsecretaria de Derechos Humanos y Pluralismo Cultural<\/p>\n<p>Entre los emprendimientos que formar\u00e1n parte del BA Celebra estar\u00e1n presentes la Editorial Tirnangog, con libros de literatura n\u00f3rdica y la Asociaci\u00f3n Alemanes del Volga que ofrecer\u00e1 publicaciones y artesan\u00edas. Por su parte, la colectividad griega vender\u00e1 estatuillas y esculturas mitol\u00f3gicas. Dada la cercan\u00eda a la celebraci\u00f3n del a\u00f1o nuevo armenio que se celebra el 11 de agosto, esta colectividad har\u00e1 una breve demostraci\u00f3n del Navasart, que en la antig\u00fcedad, comenzaba cuando el rey proclamaba la llegada del nuevo a\u00f1o haciendo sonar el pogh (cuerno ritual) y continuaba con danzas, predicciones, representaciones teatrales y competencias deportivas.<\/p>\n<p><strong>Ven\u00ed te esperamos:<\/strong><br \/>\nBA Celebra se realiza a trav\u00e9s de la Direcci\u00f3n General de Colectividades de la Ciudad de Buenos Aires con la colaboraci\u00f3n de la Fundaci\u00f3n Argentina B\u00falgara, el Centro Armenio de Argentina, la Asociaci\u00f3n Cultural Eslovaca, la Colectividad Montenegrina de Buenos Aires, la Federaci\u00f3n Pan Hel\u00e9nica de Argentina y la Uni\u00f3n de los Polacos en la Rep\u00fablica Argentina.<\/p>\n","protected":false},"excerpt":{"rendered":"<p>Para seguir compartiendo y conociendo m\u00e1s sobre las diversas culturas que conviven en nuestra Ciudad, acercate a Avenida de Mayo el s\u00e1bado 6 de agosto. Desde las 12 hasta las 18 horas recibimos a artistas, emprendimientos, cocineros y cocineras de Alemania, Austria, Armenia, Bulgaria, Dinamarca, Eslovaquia, Grecia, Montenegro, Noruega, Polonia, Rep\u00fablica Checa y Suecia; para [&hellip;]<\/p>\n","protected":false},"author":3,"featured_media":39589,"comment_status":"open","ping_status":"open","sticky":false,"template":"","format":"standard","meta":{"_et_pb_use_builder":"","_et_pb_old_content":"","_et_gb_content_width":"","footnotes":""},"categories":[11,33],"tags":[],"class_list":["post-39588","post","type-post","status-publish","format-standard","has-post-thumbnail","hentry","category-ciudad","category-sociedad-y-cultura-2"],"_links":{"self":[{"href":"https:\/\/vocesdebaires.com.ar\/index.php\/wp-json\/wp\/v2\/posts\/39588"}],"collection":[{"href":"https:\/\/vocesdebaires.com.ar\/index.php\/wp-json\/wp\/v2\/posts"}],"about":[{"href":"https:\/\/vocesdebaires.com.ar\/index.php\/wp-json\/wp\/v2\/types\/post"}],"author":[{"embeddable":true,"href":"https:\/\/vocesdebaires.com.ar\/index.php\/wp-json\/wp\/v2\/users\/3"}],"replies":[{"embeddable":true,"href":"https:\/\/vocesdebaires.com.ar\/index.php\/wp-json\/wp\/v2\/comments?post=39588"}],"version-history":[{"count":1,"href":"https:\/\/vocesdebaires.com.ar\/index.php\/wp-json\/wp\/v2\/posts\/39588\/revisions"}],"predecessor-version":[{"id":39590,"href":"https:\/\/vocesdebaires.com.ar\/index.php\/wp-json\/wp\/v2\/posts\/39588\/revisions\/39590"}],"wp:featuredmedia":[{"embeddable":true,"href":"https:\/\/vocesdebaires.com.ar\/index.php\/wp-json\/wp\/v2\/media\/39589"}],"wp:attachment":[{"href":"https:\/\/vocesdebaires.com.ar\/index.php\/wp-json\/wp\/v2\/media?parent=39588"}],"wp:term":[{"taxonomy":"category","embeddable":true,"href":"https:\/\/vocesdebaires.com.ar\/index.php\/wp-json\/wp\/v2\/categories?post=39588"},{"taxonomy":"post_tag","embeddable":true,"href":"https:\/\/vocesdebaires.com.ar\/index.php\/wp-json\/wp\/v2\/tags?post=39588"}],"curies":[{"name":"wp","href":"https:\/\/api.w.org\/{rel}","templated":true}]}}