{"id":3959,"date":"2019-10-10T03:06:16","date_gmt":"2019-10-10T06:06:16","guid":{"rendered":"http:\/\/vocesdebaires.com.ar\/wordpress\/index.php\/2019\/10\/10\/otorgan-reconocimiento-a-prestigioso-jurista\/"},"modified":"2019-10-10T03:06:16","modified_gmt":"2019-10-10T06:06:16","slug":"otorgan-reconocimiento-a-prestigioso-jurista","status":"publish","type":"post","link":"https:\/\/vocesdebaires.com.ar\/index.php\/2019\/10\/10\/otorgan-reconocimiento-a-prestigioso-jurista\/","title":{"rendered":"Otorgan reconocimiento a prestigioso jurista"},"content":{"rendered":"<p>Se realiz\u00f3\u00a0 en la Legislatura una ceremonia para nombrar como Personalidad Destacada de las ciencias jur\u00eddicas al doctor Luis Mar\u00eda Palma, de una reconocida trayectoria en el campo de la capacitaci\u00f3n y la docencia. La iniciativa fue del\u00a0 legislador Claudio Romero (VJ), quien destac\u00f3 &quot;la calidad humana y profesional&quot; del homenajeado, a quien calific\u00f3 como &quot;una persona inspiradora, innovadora y honesta&quot;.<\/p>\n<p>El doctor Luis Mar\u00eda Palma se especializa en la ense\u00f1anza del liderazgo, la \u00e9tica p\u00fablica, la gesti\u00f3n y la administraci\u00f3n judicial, el derecho internacional privado, el derecho de la integraci\u00f3n y el an\u00e1lisis econ\u00f3mico del derecho; ha capacitado a trav\u00e9s de m\u00e1s de 260 cursos a estudiantes de carreras universitarias de grado y posgrado, jueces, fiscales, defensores p\u00fablicos, funcionarios y empleados judiciales de la Ciudad Aut\u00f3noma de Buenos Aires, del pa\u00eds y del mundo.<\/p>\n<p>Luego de recibir el diploma y agradecer a su familia y a quienes lo acompa\u00f1aron en su crecimiento profesional, Palma consider\u00f3 fundamental que exista &quot;libertad de la justicia para fortalecer la democracia&quot;. La coordinadora de la Comisi\u00f3n Nacional de Acceso a la Justicia de la Corte Suprema de Justicia de la Naci\u00f3n, doctora Gladys \u00c1lvarez y el ex Juez de la C\u00e1mara Federal de Casaci\u00f3n Penal y ex Presidente de la Asociaci\u00f3n de Magistrados y Funcionarios de la Justicia Nacional, doctor Ra\u00fal Madue\u00f1o, tambi\u00e9n expresaron su alegr\u00eda por la distinci\u00f3n y dedicaron elogios a la trayectoria de Palma.<\/p>\n<p>El abogado se desempe\u00f1a como Director del Instituto Internacional para la Excelencia en la Justicia (IIJE, La Haya, Pa\u00edses Bajos), Vicepresidente para Am\u00e9rica Central y Am\u00e9rica del Sur de la Asociaci\u00f3n Internacional para la Administraci\u00f3n de Tribunales (IACA, Louisville, Kentucky, EEUU) y Coordinador del Centro de Estudios para la Justicia (CEJUS) en la Facultad de Derecho de la Universidad de Buenos Aires (UBA).Luis Mar\u00eda Palma es Abogado graduado en la Universidad de Belgrano (UB), Pos Doctor en Derecho de la Pontificia Universidad Cat\u00f3lica de Paran\u00e1 (PUCPR), Curitiba, Brasil, Doctor en Ciencia Pol\u00edtica y Doctor en Sociolog\u00eda de la Universidad de Belgrano (UB).<\/p>\n","protected":false},"excerpt":{"rendered":"<p>Se realiz\u00f3\u00a0 en la Legislatura una ceremonia para nombrar como Personalidad Destacada de las ciencias jur\u00eddicas al doctor Luis Mar\u00eda Palma, de una reconocida trayectoria en el campo de la capacitaci\u00f3n y la docencia. La iniciativa fue del\u00a0 legislador Claudio Romero (VJ), quien destac\u00f3 &quot;la calidad humana y profesional&quot; del homenajeado, a quien calific\u00f3 como [&hellip;]<\/p>\n","protected":false},"author":1,"featured_media":3960,"comment_status":"open","ping_status":"open","sticky":false,"template":"","format":"standard","meta":{"_et_pb_use_builder":"","_et_pb_old_content":"","_et_gb_content_width":"","footnotes":""},"categories":[11,33],"tags":[],"class_list":["post-3959","post","type-post","status-publish","format-standard","has-post-thumbnail","hentry","category-ciudad","category-sociedad-y-cultura-2"],"_links":{"self":[{"href":"https:\/\/vocesdebaires.com.ar\/index.php\/wp-json\/wp\/v2\/posts\/3959"}],"collection":[{"href":"https:\/\/vocesdebaires.com.ar\/index.php\/wp-json\/wp\/v2\/posts"}],"about":[{"href":"https:\/\/vocesdebaires.com.ar\/index.php\/wp-json\/wp\/v2\/types\/post"}],"author":[{"embeddable":true,"href":"https:\/\/vocesdebaires.com.ar\/index.php\/wp-json\/wp\/v2\/users\/1"}],"replies":[{"embeddable":true,"href":"https:\/\/vocesdebaires.com.ar\/index.php\/wp-json\/wp\/v2\/comments?post=3959"}],"version-history":[{"count":0,"href":"https:\/\/vocesdebaires.com.ar\/index.php\/wp-json\/wp\/v2\/posts\/3959\/revisions"}],"wp:featuredmedia":[{"embeddable":true,"href":"https:\/\/vocesdebaires.com.ar\/index.php\/wp-json\/wp\/v2\/media\/3960"}],"wp:attachment":[{"href":"https:\/\/vocesdebaires.com.ar\/index.php\/wp-json\/wp\/v2\/media?parent=3959"}],"wp:term":[{"taxonomy":"category","embeddable":true,"href":"https:\/\/vocesdebaires.com.ar\/index.php\/wp-json\/wp\/v2\/categories?post=3959"},{"taxonomy":"post_tag","embeddable":true,"href":"https:\/\/vocesdebaires.com.ar\/index.php\/wp-json\/wp\/v2\/tags?post=3959"}],"curies":[{"name":"wp","href":"https:\/\/api.w.org\/{rel}","templated":true}]}}