{"id":39614,"date":"2022-08-02T01:14:55","date_gmt":"2022-08-02T04:14:55","guid":{"rendered":"https:\/\/vocesdebaires.com.ar\/?p=39614"},"modified":"2022-08-02T01:14:55","modified_gmt":"2022-08-02T04:14:55","slug":"amiala-familia-jabbaz-agradecio-a-los-servicios-de-emergencias","status":"publish","type":"post","link":"https:\/\/vocesdebaires.com.ar\/index.php\/2022\/08\/02\/amiala-familia-jabbaz-agradecio-a-los-servicios-de-emergencias\/","title":{"rendered":"AMIA:La familia Jabbaz: Agradeci\u00f3 a los servicios de emergencias"},"content":{"rendered":"<p>En un conmovedor y sentido encuentro realizado ayer al mediod\u00eda, en la sede de AMIA, Isaac Jabbaz y su hijo Moshe se reunieron con los servidores que, el 23 de junio pasado, acudieron a ayudar y socorrer a la familia y a los vecinos del edificio ubicado en Ecuador al 1.100, tras haberse incendiado el departamento del 7\u00b0piso del lugar. Estuvieron presentes en la reuni\u00f3n el director general del SAME, Alberto Crescenti; el subsecretario de Emergencias de la Ciudad, N\u00e9stor Nicol\u00e1s; el doctor Roberto V\u00edctor Cohen, de la Morgue Judicial; el director general de Defensa Civil de la ciudad, Alberto Carita, y el jefe de Bomberos de la Ciudad, Juan Carlos Moriconi.<\/p>\n<p>Adem\u00e1s, asistieron el director m\u00e9dico del Sanatorio Anchorena San Mart\u00edn, Gonzalo Ferrara, y el representante de Jevra Hatzalah, Luciano Skef Salom\u00f3n. Por parte de la Polic\u00eda de la Ciudad, dijeron presente su jefe, Gabriel Berard; el comisario inspector, V\u00edctor Guido, y el comisario inspector, Gustavo Queija. El encuentro cont\u00f3 con la participaci\u00f3n, por parte de AMIA, del presidente, Amos Linetzky; el secretario general Gabriel Gorenstein; el presidente del Vaad Hakehilot, Eliahu Hamra; el prosecretario 1\u00b0, Gustavo Sakkal, y el director ejecutivo, Daniel Pomerantz.<\/p>\n<p>Tambi\u00e9n estuvieron presentes, en representaci\u00f3n de la DAIA, el presidente, Jorge Knoblovits; el vicepresidente primero, Marcos Cohen; el secretario general, Alejandro Zuchowicki; el director ejecutivo, V\u00edctor Garelik, y el director del Departamento de Asistencia Comunitaria (DAC), Gustavo Finkestein. El presidente de AMIA fue el encargado de dar la bienvenida a todos los participantes del encuentro y destac\u00f3 la calidad humana y la vocaci\u00f3n de servicio extraordinaria que demostraron todos los equipos que acudieron al lugar ni bien desatada la tragedia, en la que perdieron la vida la esposa de Isaac Jabbaz y cuatro de sus hijos.<\/p>\n<p>\u201cOrganizamos este encuentro para reconocer el compromiso, la solidaridad y el acompa\u00f1amiento profesional y humano que los servicios de emergencia y el sistema de salud brindaron en el marco de una situaci\u00f3n tan tr\u00e1gica y dolorosa\u201d, sostuvo el presidente de AMIA, Amos Linetzky, al finalizar el encuentro. \u201cAgradecer es tan importante como la voluntad de brindar ayuda, y por eso hoy quisimos decir gracias a todos quienes colaboraron\u201d, agreg\u00f3 Linetzky, adem\u00e1s de destacar la fortaleza espiritual de la familia Jabbaz. \u201cNo tengo palabras para agradecer por todo, por la uni\u00f3n. Ojal\u00e1 que siempre la uni\u00f3n sea para bien. Agradezco que todos los que se unieron para trabajar y que estemos bien. Espero que Dios me d\u00e9 fuerzas para seguir\u201d, expres\u00f3 Isaac Jabbaz, ante todos los presentes. A su turno, el director m\u00e9dico del Sanatorio Anchorena San Mart\u00edn, Gonzalo Ferrara, destac\u00f3: \u201cQuiero agradecer a la comunidad jud\u00eda por acompa\u00f1ar en la sanaci\u00f3n.<\/p>\n<p>No hubiese sido el mismo resultado si no hubi\u00e9semos tenido ese apoyo espiritual. Acompa\u00f1o el dolor, agradezco por la invitaci\u00f3n y me llena de orgullo poder pertenecer a esta comunidad. Internamente, nos hizo mucho bien ver salir a Isaac caminando de la instituci\u00f3n\u201d, sostuvo emocionado. Al hacer referencia a la tragedia desatada el 23 de junio pasado el presidente de DAIA, Jorge Knoblovits, resalt\u00f3: \u201cLo que ha sucedido ese d\u00eda tiene por un lado la cara de sufrimiento por la p\u00e9rdida de los seres queridos, y por el otro lado tiene la cara de la bondad, la valent\u00eda y la ayuda, que es la imagen de todos ustedes. Todos hicieron lo que ten\u00eda que hacer. Nadie dud\u00f3, y eso salv\u00f3 vidas\u201d. \u201cEsto ha sido una tragedia para todos. Cuando nos avisan de un incendio, uno nunca sabe con qu\u00e9 se va a encontrar hasta que llegar al lugar.<\/p>\n<p>Hemos visto a todos hacer lo imposible para manejar una situaci\u00f3n terrible\u201d, se\u00f1al\u00f3 por su parte el director general del SAME, Alberto Crescenti, al momento de hablar ante los presentes. Por su parte, el jefe de la Polic\u00eda de la ciudad, Gabriel Berard, resalt\u00f3 la valent\u00eda y el profesionalismo de todos los que ayudaron. \u201cFue un momento terrible, en el que r\u00e1pidamente se activaron todas las medidas de emergencia. Este agradecimiento nos motiva a todos a seguir\u201d, agreg\u00f3. Al recordar que hace 40 a\u00f1os que pertenece a la instituci\u00f3n, el jefe de Bomberos de la ciudad, Juan Carlos Moriconi, comparti\u00f3: \u201cSiempre me acompa\u00f1an los recuerdos que tengo, buenos y malos, pero los buenos son cuando, despu\u00e9s del incendio, viene la gente y nos agradece.<\/p>\n<p>Ese es nuestro mejor pago y es lo que no nos vamos a olvidar nunca\u201d.\u201cA nosotros tambi\u00e9n nos toc\u00f3 de cerca todo lo ocurrido, desde nuestro sistema de im\u00e1genes satelitales hemos visto todo lo que estaba ocurriendo. Son im\u00e1genes muy sensibles, que nunca me las voy a olvidar. Varios de nuestros bomberos han quedado muy afectados por la tragedia y han recibido apoyo psicol\u00f3gico\u201d, relat\u00f3 en el encuentro el subsecretario de Emergencias de la Ciudad, N\u00e9stor Nicol\u00e1s. En la reuni\u00f3n de agradecimiento, los presidentes de AMIA y DAIA, junto con Isaac Jabbaz, entregaron placas de reconocimiento a las instituciones, por la tarea humana y profesional que realizaron.<\/p>\n<p>En el encuentro realizado en la sede de AMIA, los invitados destacaron la iniciativa de encontrarse para escuchar palabras de reconocimiento. \u201cCuando llegu\u00e9 al lugar del incidente, vi ese trabajo mancomunado entre todas las fuerzas, la manera que tienen de entenderse y el trabajo coordinado. Quiero agradecerles a todos ustedes porque en esos momentos uno necesita la compa\u00f1\u00eda y el apoyo de todos\u201d, se\u00f1al\u00f3 por su parte, el representante de Jevra Hatzalah, Luciano Skef. \u201cAgradezco la invitaci\u00f3n. Uno no tiene por qu\u00e9 agradecer cuando uno brinda su servicio, pero si lo hacen, alimenta al alma\u201d, asegur\u00f3 el director general de Defensa Civil de la ciudad, Alberto Carita.<\/p>\n","protected":false},"excerpt":{"rendered":"<p>En un conmovedor y sentido encuentro realizado ayer al mediod\u00eda, en la sede de AMIA, Isaac Jabbaz y su hijo Moshe se reunieron con los servidores que, el 23 de junio pasado, acudieron a ayudar y socorrer a la familia y a los vecinos del edificio ubicado en Ecuador al 1.100, tras haberse incendiado el [&hellip;]<\/p>\n","protected":false},"author":2,"featured_media":39610,"comment_status":"open","ping_status":"open","sticky":false,"template":"","format":"standard","meta":{"_et_pb_use_builder":"","_et_pb_old_content":"","_et_gb_content_width":"","footnotes":""},"categories":[11,33],"tags":[],"class_list":["post-39614","post","type-post","status-publish","format-standard","has-post-thumbnail","hentry","category-ciudad","category-sociedad-y-cultura-2"],"_links":{"self":[{"href":"https:\/\/vocesdebaires.com.ar\/index.php\/wp-json\/wp\/v2\/posts\/39614"}],"collection":[{"href":"https:\/\/vocesdebaires.com.ar\/index.php\/wp-json\/wp\/v2\/posts"}],"about":[{"href":"https:\/\/vocesdebaires.com.ar\/index.php\/wp-json\/wp\/v2\/types\/post"}],"author":[{"embeddable":true,"href":"https:\/\/vocesdebaires.com.ar\/index.php\/wp-json\/wp\/v2\/users\/2"}],"replies":[{"embeddable":true,"href":"https:\/\/vocesdebaires.com.ar\/index.php\/wp-json\/wp\/v2\/comments?post=39614"}],"version-history":[{"count":1,"href":"https:\/\/vocesdebaires.com.ar\/index.php\/wp-json\/wp\/v2\/posts\/39614\/revisions"}],"predecessor-version":[{"id":39615,"href":"https:\/\/vocesdebaires.com.ar\/index.php\/wp-json\/wp\/v2\/posts\/39614\/revisions\/39615"}],"wp:featuredmedia":[{"embeddable":true,"href":"https:\/\/vocesdebaires.com.ar\/index.php\/wp-json\/wp\/v2\/media\/39610"}],"wp:attachment":[{"href":"https:\/\/vocesdebaires.com.ar\/index.php\/wp-json\/wp\/v2\/media?parent=39614"}],"wp:term":[{"taxonomy":"category","embeddable":true,"href":"https:\/\/vocesdebaires.com.ar\/index.php\/wp-json\/wp\/v2\/categories?post=39614"},{"taxonomy":"post_tag","embeddable":true,"href":"https:\/\/vocesdebaires.com.ar\/index.php\/wp-json\/wp\/v2\/tags?post=39614"}],"curies":[{"name":"wp","href":"https:\/\/api.w.org\/{rel}","templated":true}]}}