{"id":39616,"date":"2022-08-02T01:16:41","date_gmt":"2022-08-02T04:16:41","guid":{"rendered":"https:\/\/vocesdebaires.com.ar\/?p=39616"},"modified":"2022-08-02T01:16:41","modified_gmt":"2022-08-02T04:16:41","slug":"legislatura-portena-cultura-presentan-una-muestra-hemos-fracasado","status":"publish","type":"post","link":"https:\/\/vocesdebaires.com.ar\/index.php\/2022\/08\/02\/legislatura-portena-cultura-presentan-una-muestra-hemos-fracasado\/","title":{"rendered":"Legislatura porte\u00f1a: Cultura presentan una muestra, \u00abHemos Fracasado\u00bb"},"content":{"rendered":"<p>El mi\u00e9rcoles 3 de agosto a las 18 horas se inaugura Hemos Fracasado, una muestra de artes visuales con t\u00e9cnicas variadas de las artistas Clara Luz Gils y Claudia Hercman con la curadur\u00eda de Florencia Nieto. El evento, organizado por la Direcci\u00f3n General de Asuntos Culturales y Patrimoniales de la Legislatura, tendr\u00e1 lugar en la Sala de Exposiciones Manuel Belgrano y contar\u00e1 con aforo limitado cubierto por orden de llegada. Con entrada libre y gratuita, la muestra permanecer\u00e1 abierta de lunes a viernes de 10:00 a 19:00 y podr\u00e1 visitarse hasta el jueves 18 de agosto.<\/p>\n<p><strong>Hemos Fracasado:<\/strong><br \/>\nSi algo ha sido demostrado es nuestra propia fragilidad. La sensaci\u00f3n de fracaso nos visita en la noche. Un sentir te\u00f1ido de angustia, a veces colectiva, queda evidenciada tras la precariedad de los recursos singulares, econ\u00f3micos y sociales. M\u00e1s all\u00e1 de este panorama desolador, las piezas de esta muestra revelan una vez m\u00e1s el d\u00e9bil exoesqueleto que sostiene nuestros deseos, nuestro cuerpo, nuestro cotidiano. Las artistas Gils y Hercman elaboran partiendo de materialidades en principio disonantes pero que, en el fondo, insisten con una pregunta: \u00bfc\u00f3mo construir una resistencia ante la inminente<\/p>\n","protected":false},"excerpt":{"rendered":"<p>El mi\u00e9rcoles 3 de agosto a las 18 horas se inaugura Hemos Fracasado, una muestra de artes visuales con t\u00e9cnicas variadas de las artistas Clara Luz Gils y Claudia Hercman con la curadur\u00eda de Florencia Nieto. El evento, organizado por la Direcci\u00f3n General de Asuntos Culturales y Patrimoniales de la Legislatura, tendr\u00e1 lugar en la [&hellip;]<\/p>\n","protected":false},"author":2,"featured_media":39617,"comment_status":"open","ping_status":"open","sticky":false,"template":"","format":"standard","meta":{"_et_pb_use_builder":"","_et_pb_old_content":"","_et_gb_content_width":"","footnotes":""},"categories":[11,33],"tags":[],"class_list":["post-39616","post","type-post","status-publish","format-standard","has-post-thumbnail","hentry","category-ciudad","category-sociedad-y-cultura-2"],"_links":{"self":[{"href":"https:\/\/vocesdebaires.com.ar\/index.php\/wp-json\/wp\/v2\/posts\/39616"}],"collection":[{"href":"https:\/\/vocesdebaires.com.ar\/index.php\/wp-json\/wp\/v2\/posts"}],"about":[{"href":"https:\/\/vocesdebaires.com.ar\/index.php\/wp-json\/wp\/v2\/types\/post"}],"author":[{"embeddable":true,"href":"https:\/\/vocesdebaires.com.ar\/index.php\/wp-json\/wp\/v2\/users\/2"}],"replies":[{"embeddable":true,"href":"https:\/\/vocesdebaires.com.ar\/index.php\/wp-json\/wp\/v2\/comments?post=39616"}],"version-history":[{"count":1,"href":"https:\/\/vocesdebaires.com.ar\/index.php\/wp-json\/wp\/v2\/posts\/39616\/revisions"}],"predecessor-version":[{"id":39618,"href":"https:\/\/vocesdebaires.com.ar\/index.php\/wp-json\/wp\/v2\/posts\/39616\/revisions\/39618"}],"wp:featuredmedia":[{"embeddable":true,"href":"https:\/\/vocesdebaires.com.ar\/index.php\/wp-json\/wp\/v2\/media\/39617"}],"wp:attachment":[{"href":"https:\/\/vocesdebaires.com.ar\/index.php\/wp-json\/wp\/v2\/media?parent=39616"}],"wp:term":[{"taxonomy":"category","embeddable":true,"href":"https:\/\/vocesdebaires.com.ar\/index.php\/wp-json\/wp\/v2\/categories?post=39616"},{"taxonomy":"post_tag","embeddable":true,"href":"https:\/\/vocesdebaires.com.ar\/index.php\/wp-json\/wp\/v2\/tags?post=39616"}],"curies":[{"name":"wp","href":"https:\/\/api.w.org\/{rel}","templated":true}]}}