{"id":39628,"date":"2022-08-03T00:00:48","date_gmt":"2022-08-03T03:00:48","guid":{"rendered":"https:\/\/vocesdebaires.com.ar\/?p=39628"},"modified":"2022-08-02T23:20:44","modified_gmt":"2022-08-03T02:20:44","slug":"presentacion-del-libro-wikipedia-educacion-y-derechos-humanos","status":"publish","type":"post","link":"https:\/\/vocesdebaires.com.ar\/index.php\/2022\/08\/03\/presentacion-del-libro-wikipedia-educacion-y-derechos-humanos\/","title":{"rendered":"Presentaci\u00f3n del libro \u201cWikipedia, educaci\u00f3n y derechos humanos"},"content":{"rendered":"<p>Wikimedia Argentina y la Universidad Nacional de la Plata presentan el libro \u201cWikipedia, educaci\u00f3n y derechos humanos. Usos pedag\u00f3gicos en las aulas.\u201d La presentaci\u00f3n ser\u00e1 el jueves 11 de agosto a las 17 hs en el auditorio 105 del Edificio Karakachoff de la Universidad Nacional de la Plata. El libro re\u00fane seis art\u00edculos escritos en el marco del concurso realizado en 2021 \u201cInvestigar sobre los proyectos Wikimedia en las aulas\u201d. El evento, que adem\u00e1s contar\u00e1 con un panel con parte de sus autores y compiladores, se transmitir\u00e1 en vivo v\u00eda facebook de Wikimedia Argentina.<\/p>\n<p>Asimismo, se llevar\u00e1 adelante un panel que contar\u00e1 con la presencia de Patricio Lorente, compilador y profesor en la Universidad Nacional de La Plata donde se desempe\u00f1a, adem\u00e1s, como Secretario General ; Cecilia Sagol, quien escribi\u00f3 el pr\u00f3logo del libro, es Licenciada y Profesora de Letras, graduada en la Facultad de Filosof\u00eda y Letras de la UBA; Marien B\u00e9guelin, Licenciada en Antropolog\u00eda y Doctora en Ciencias Naturales (UNLP); Eugenia Lanatti, Especialista en Tecnolog\u00eda Educativa por la Universidad de Buenos Aires. Maestranda en Tecnolog\u00eda Educativa (UBA).; Florencia Guastavino, Asistente de proyectos del Programa de Educaci\u00f3n y Derechos Humanos de Wikimedia Argentina. Profesora en Ciencias Antropol\u00f3gicas, Universidad de Buenos Aires.<\/p>\n<p><strong>Wikipedia en las aulas:<\/strong><br \/>\nEl concurso, realizado entre marzo y noviembre de 2021, busc\u00f3 promover y acompa\u00f1ar el desarrollo de investigaciones que analizaran experiencias en donde se haya trabajado con los Proyectos Wikimedia en contextos educativos, tanto dentro de la educaci\u00f3n formal como de la no formal. Las experiencias presentadas, pod\u00edan haber sido desarrolladas durante 2020 o a desarrollar durante 2021.<\/p>\n<p>La convocatoria propon\u00eda cuatro temas dentro de los cuales los trabajos presentados deb\u00edan enmarcarse. Estos temas, plasmados en las \u201cbases y condiciones\u201d de la propuesta, representan tanto ejes desde los cuales trabajamos en Wikimedia Argentina, como temas que consideramos que se deben seguir profundizando, dentro del Movimiento Wikimedia y en los \u00e1mbitos educativos en general (Wikimedia Argentina, 2021).<\/p>\n<p>El panel ser\u00e1 presentado por una de sus compiladoras, Luisina Ferrante, quien coordina el Programa de Educaci\u00f3n y Derechos Humanos de Wikimedia Argentina.<br \/>\nLa cita es el jueves 11 de agosto a las 17 hs en el auditorio 105 del Edificio Karakachoff de la Universidad Nacional de la Plata (Calle 48 entre 6 y 7). Ser\u00e1 transmitido en vivo en la cuenta oficial de facebook de Wikimedia Argentina.<\/p>\n","protected":false},"excerpt":{"rendered":"<p>Wikimedia Argentina y la Universidad Nacional de la Plata presentan el libro \u201cWikipedia, educaci\u00f3n y derechos humanos. Usos pedag\u00f3gicos en las aulas.\u201d La presentaci\u00f3n ser\u00e1 el jueves 11 de agosto a las 17 hs en el auditorio 105 del Edificio Karakachoff de la Universidad Nacional de la Plata. El libro re\u00fane seis art\u00edculos escritos en [&hellip;]<\/p>\n","protected":false},"author":2,"featured_media":39629,"comment_status":"open","ping_status":"open","sticky":false,"template":"","format":"standard","meta":{"_et_pb_use_builder":"","_et_pb_old_content":"","_et_gb_content_width":"","footnotes":""},"categories":[11,33],"tags":[],"class_list":["post-39628","post","type-post","status-publish","format-standard","has-post-thumbnail","hentry","category-ciudad","category-sociedad-y-cultura-2"],"_links":{"self":[{"href":"https:\/\/vocesdebaires.com.ar\/index.php\/wp-json\/wp\/v2\/posts\/39628"}],"collection":[{"href":"https:\/\/vocesdebaires.com.ar\/index.php\/wp-json\/wp\/v2\/posts"}],"about":[{"href":"https:\/\/vocesdebaires.com.ar\/index.php\/wp-json\/wp\/v2\/types\/post"}],"author":[{"embeddable":true,"href":"https:\/\/vocesdebaires.com.ar\/index.php\/wp-json\/wp\/v2\/users\/2"}],"replies":[{"embeddable":true,"href":"https:\/\/vocesdebaires.com.ar\/index.php\/wp-json\/wp\/v2\/comments?post=39628"}],"version-history":[{"count":1,"href":"https:\/\/vocesdebaires.com.ar\/index.php\/wp-json\/wp\/v2\/posts\/39628\/revisions"}],"predecessor-version":[{"id":39630,"href":"https:\/\/vocesdebaires.com.ar\/index.php\/wp-json\/wp\/v2\/posts\/39628\/revisions\/39630"}],"wp:featuredmedia":[{"embeddable":true,"href":"https:\/\/vocesdebaires.com.ar\/index.php\/wp-json\/wp\/v2\/media\/39629"}],"wp:attachment":[{"href":"https:\/\/vocesdebaires.com.ar\/index.php\/wp-json\/wp\/v2\/media?parent=39628"}],"wp:term":[{"taxonomy":"category","embeddable":true,"href":"https:\/\/vocesdebaires.com.ar\/index.php\/wp-json\/wp\/v2\/categories?post=39628"},{"taxonomy":"post_tag","embeddable":true,"href":"https:\/\/vocesdebaires.com.ar\/index.php\/wp-json\/wp\/v2\/tags?post=39628"}],"curies":[{"name":"wp","href":"https:\/\/api.w.org\/{rel}","templated":true}]}}