{"id":39634,"date":"2022-08-03T00:00:16","date_gmt":"2022-08-03T03:00:16","guid":{"rendered":"https:\/\/vocesdebaires.com.ar\/?p=39634"},"modified":"2022-08-02T23:28:50","modified_gmt":"2022-08-03T02:28:50","slug":"una-ley-beneficia-las-actividades-productivas-en-barrios-populares","status":"publish","type":"post","link":"https:\/\/vocesdebaires.com.ar\/index.php\/2022\/08\/03\/una-ley-beneficia-las-actividades-productivas-en-barrios-populares\/","title":{"rendered":"Una ley beneficia las actividades productivas en barrios populares"},"content":{"rendered":"<p>Para promover el desarrollo econ\u00f3mico de los barrios populares porte\u00f1os, la Ciudad cuenta con una nueva normativa de integraci\u00f3n productiva e impulso al trabajo. Es la ley 6545 que otorga beneficios impositivos e incentivos, a quienes realicen inversiones destinadas al desarrollo de espacios para la realizaci\u00f3n actividades tales como: gastronom\u00eda, establecimientos de ense\u00f1anza, venta minorista de alimentos, peluquer\u00eda, reparaci\u00f3n de aparatos electr\u00f3nicos, ferreter\u00eda, servicios financieros y bancarios, venta de productos farmac\u00e9uticos, centros de salud, lavander\u00edas, veterinarias, venta por menor de prendas de vestir, bazar y servicios tur\u00edsticos, entre otras. A tal efecto se crea el \u201cDistrito\u201d de Integraci\u00f3n Productiva e Impulso al Trabajo en Barrios Populares de la Ciudad Aut\u00f3noma de Buenos Aires. Para acceder a los beneficios del presente R\u00e9gimen es condici\u00f3n la inscripci\u00f3n en el Registro \u00danico de Distritos Econ\u00f3micos.<\/p>\n<p><strong>Para su inscripci\u00f3n, se deber\u00e1 acreditar el cumplimiento de las siguientes condiciones:<\/strong><br \/>\n<strong>A).<\/strong> Que se haya presentado su compromiso de inversi\u00f3n dentro de los barrios populares que integren el Distrito por medio de la presentaci\u00f3n de un proyecto de desarrollo de espacios, de conformidad a las actividades establecidas. Los proyectos de desarrollo de espacios deber\u00e1n encuadrarse en los usos permitidos en cada zona conforme lo determinado en las leyes de reurbanizaci\u00f3n e integraci\u00f3n socio-urbana de cada uno de los barrios que conformen el Distrito;<br \/>\n<strong>B)<\/strong>. Que no se registren deuda respecto de las obligaciones tributarias l\u00edquidas y exigibles por la Administraci\u00f3n Gubernamental de Ingresos P\u00fablicos.<\/p>\n<p>Los beneficiarios podr\u00e1n computar como pago a cuenta del Impuesto sobre los Ingresos Brutos un porcentaje del monto invertido en el proyecto. Se considera como monto invertido: El contrato de locaci\u00f3n, concesi\u00f3n, u otro contrato que otorgue la posesi\u00f3n temporal del inmueble emplazado en el Distrito; las mejoras efectuadas en el inmueble; la construcci\u00f3n de nuevos espacios destinados a locales comerciales y\/u oficinas. Para acceder a los beneficios establecidos en la Ley, al momento de la inscripci\u00f3n en el Registro, los beneficiarios deber\u00e1n presentar, un plan de contrataci\u00f3n con al menos un treinta por ciento (30%) de la n\u00f3mina del personal a contratar dentro de los barrios populares del Distrito, es decir que sean trabajadores residentes del mismo barrio.<\/p>\n","protected":false},"excerpt":{"rendered":"<p>Para promover el desarrollo econ\u00f3mico de los barrios populares porte\u00f1os, la Ciudad cuenta con una nueva normativa de integraci\u00f3n productiva e impulso al trabajo. Es la ley 6545 que otorga beneficios impositivos e incentivos, a quienes realicen inversiones destinadas al desarrollo de espacios para la realizaci\u00f3n actividades tales como: gastronom\u00eda, establecimientos de ense\u00f1anza, venta minorista [&hellip;]<\/p>\n","protected":false},"author":2,"featured_media":39635,"comment_status":"open","ping_status":"open","sticky":false,"template":"","format":"standard","meta":{"_et_pb_use_builder":"","_et_pb_old_content":"","_et_gb_content_width":"","footnotes":""},"categories":[11,33],"tags":[],"class_list":["post-39634","post","type-post","status-publish","format-standard","has-post-thumbnail","hentry","category-ciudad","category-sociedad-y-cultura-2"],"_links":{"self":[{"href":"https:\/\/vocesdebaires.com.ar\/index.php\/wp-json\/wp\/v2\/posts\/39634"}],"collection":[{"href":"https:\/\/vocesdebaires.com.ar\/index.php\/wp-json\/wp\/v2\/posts"}],"about":[{"href":"https:\/\/vocesdebaires.com.ar\/index.php\/wp-json\/wp\/v2\/types\/post"}],"author":[{"embeddable":true,"href":"https:\/\/vocesdebaires.com.ar\/index.php\/wp-json\/wp\/v2\/users\/2"}],"replies":[{"embeddable":true,"href":"https:\/\/vocesdebaires.com.ar\/index.php\/wp-json\/wp\/v2\/comments?post=39634"}],"version-history":[{"count":1,"href":"https:\/\/vocesdebaires.com.ar\/index.php\/wp-json\/wp\/v2\/posts\/39634\/revisions"}],"predecessor-version":[{"id":39636,"href":"https:\/\/vocesdebaires.com.ar\/index.php\/wp-json\/wp\/v2\/posts\/39634\/revisions\/39636"}],"wp:featuredmedia":[{"embeddable":true,"href":"https:\/\/vocesdebaires.com.ar\/index.php\/wp-json\/wp\/v2\/media\/39635"}],"wp:attachment":[{"href":"https:\/\/vocesdebaires.com.ar\/index.php\/wp-json\/wp\/v2\/media?parent=39634"}],"wp:term":[{"taxonomy":"category","embeddable":true,"href":"https:\/\/vocesdebaires.com.ar\/index.php\/wp-json\/wp\/v2\/categories?post=39634"},{"taxonomy":"post_tag","embeddable":true,"href":"https:\/\/vocesdebaires.com.ar\/index.php\/wp-json\/wp\/v2\/tags?post=39634"}],"curies":[{"name":"wp","href":"https:\/\/api.w.org\/{rel}","templated":true}]}}