{"id":39637,"date":"2022-08-03T00:00:02","date_gmt":"2022-08-03T03:00:02","guid":{"rendered":"https:\/\/vocesdebaires.com.ar\/?p=39637"},"modified":"2022-08-02T23:32:22","modified_gmt":"2022-08-03T02:32:22","slug":"ciudad-conversatorio-en-la-legislatura-sobre-trata-de-personas","status":"publish","type":"post","link":"https:\/\/vocesdebaires.com.ar\/index.php\/2022\/08\/03\/ciudad-conversatorio-en-la-legislatura-sobre-trata-de-personas\/","title":{"rendered":"Ciudad: Conversatorio en la Legislatura sobre Trata de Personas"},"content":{"rendered":"<p>La Legislatura de la Ciudad fue sede del \u201cConversatorio sobre la Trata de Personas\u201d ayer martes por la tarde, en el sal\u00f3n Presidente Dr. Ra\u00fal Alfons\u00edn. El encuentro estuvo encabezado por la legisladora porte\u00f1a Claudia Neira (FdT), y cont\u00f3 con la presencia de la subsecretaria de Derechos Humanos y Pluralismo Cultural, Pamela Malewicz; la directora general de la Mujer del Gobierno de la Ciudad de Buenos Aires, Carolina Barone; la representante de la agrupaci\u00f3n \u201cLas Julietas\u201d, Fabiana T\u00fanez, y la sobreviviente y militante por los DDHH, Gladys Villalba. \u201cEste espacio tiene que ver con un \u00e1mbito para poder pensar, dise\u00f1ar y promover pol\u00edticas p\u00fablicas.<\/p>\n<p>Y creo que en esta materia nos hemos planteado el desaf\u00edo de poder dejar de lado diferencias partidarias, en un tema tan grave e importante\u201d, afirm\u00f3 Neira. A su vez, puso de manifiesto que la prevenci\u00f3n es un eje a tener en cuenta, como tambi\u00e9n \u201cla capacitaci\u00f3n de todos los inspectores y actores\u201d. Por su parte, en relaci\u00f3n a la pregunta sobre hacia d\u00f3nde dirigir los esfuerzos en materia de abordaje, Barone expres\u00f3 que cada vez se observa m\u00e1s c\u00f3mo el mundo de las redes sociales est\u00e1 atravesado de fondo por el delito. A lo que agreg\u00f3: \u201cTenemos que empezar a visibilizar la romantizaci\u00f3n de los espacios virtuales. Hay una necesidad de capacitarnos\u201d.<\/p>\n","protected":false},"excerpt":{"rendered":"<p>La Legislatura de la Ciudad fue sede del \u201cConversatorio sobre la Trata de Personas\u201d ayer martes por la tarde, en el sal\u00f3n Presidente Dr. Ra\u00fal Alfons\u00edn. El encuentro estuvo encabezado por la legisladora porte\u00f1a Claudia Neira (FdT), y cont\u00f3 con la presencia de la subsecretaria de Derechos Humanos y Pluralismo Cultural, Pamela Malewicz; la directora [&hellip;]<\/p>\n","protected":false},"author":2,"featured_media":39638,"comment_status":"open","ping_status":"open","sticky":false,"template":"","format":"standard","meta":{"_et_pb_use_builder":"","_et_pb_old_content":"","_et_gb_content_width":"","footnotes":""},"categories":[11,33],"tags":[],"class_list":["post-39637","post","type-post","status-publish","format-standard","has-post-thumbnail","hentry","category-ciudad","category-sociedad-y-cultura-2"],"_links":{"self":[{"href":"https:\/\/vocesdebaires.com.ar\/index.php\/wp-json\/wp\/v2\/posts\/39637"}],"collection":[{"href":"https:\/\/vocesdebaires.com.ar\/index.php\/wp-json\/wp\/v2\/posts"}],"about":[{"href":"https:\/\/vocesdebaires.com.ar\/index.php\/wp-json\/wp\/v2\/types\/post"}],"author":[{"embeddable":true,"href":"https:\/\/vocesdebaires.com.ar\/index.php\/wp-json\/wp\/v2\/users\/2"}],"replies":[{"embeddable":true,"href":"https:\/\/vocesdebaires.com.ar\/index.php\/wp-json\/wp\/v2\/comments?post=39637"}],"version-history":[{"count":1,"href":"https:\/\/vocesdebaires.com.ar\/index.php\/wp-json\/wp\/v2\/posts\/39637\/revisions"}],"predecessor-version":[{"id":39639,"href":"https:\/\/vocesdebaires.com.ar\/index.php\/wp-json\/wp\/v2\/posts\/39637\/revisions\/39639"}],"wp:featuredmedia":[{"embeddable":true,"href":"https:\/\/vocesdebaires.com.ar\/index.php\/wp-json\/wp\/v2\/media\/39638"}],"wp:attachment":[{"href":"https:\/\/vocesdebaires.com.ar\/index.php\/wp-json\/wp\/v2\/media?parent=39637"}],"wp:term":[{"taxonomy":"category","embeddable":true,"href":"https:\/\/vocesdebaires.com.ar\/index.php\/wp-json\/wp\/v2\/categories?post=39637"},{"taxonomy":"post_tag","embeddable":true,"href":"https:\/\/vocesdebaires.com.ar\/index.php\/wp-json\/wp\/v2\/tags?post=39637"}],"curies":[{"name":"wp","href":"https:\/\/api.w.org\/{rel}","templated":true}]}}