{"id":39656,"date":"2022-08-04T00:29:18","date_gmt":"2022-08-04T03:29:18","guid":{"rendered":"https:\/\/vocesdebaires.com.ar\/?p=39656"},"modified":"2022-08-04T00:29:45","modified_gmt":"2022-08-04T03:29:45","slug":"ciudadpacto-emprendedor-convocatoria-a-la-segunda-camada-del-ano","status":"publish","type":"post","link":"https:\/\/vocesdebaires.com.ar\/index.php\/2022\/08\/04\/ciudadpacto-emprendedor-convocatoria-a-la-segunda-camada-del-ano\/","title":{"rendered":"Pacto Emprendedor: convocatoria a la segunda camada del a\u00f1o"},"content":{"rendered":"<p>Formaci\u00f3n, mentor\u00edas, experiencias transformadoras y acompa\u00f1amiento personalizado durante 3 meses, son s\u00f3lo algunos de los beneficios que ofrece Pacto Emprendedor 2022: la iniciativa que conecta a los emprendedores de la Ciudad por medio de duplas de trabajo conformadas por un mentor y un emprendedor. En esta oportunidad, el Ministerio de Desarrollo Econ\u00f3mico y Producci\u00f3n junto a BA Emprende presentan la convocatoria para participar del segundo ciclo de 2022 que estar\u00e1 conformado por 100 nuevos equipos de trabajo. Ten\u00e9s tiempo de postularte hasta el 31 de agosto.<\/p>\n<p>Pacto Emprendedor tiene por objetivo potenciar a los emprendedores y comerciantes de la Ciudad gracias al intercambio de capital social y del desarrollo de circuitos econ\u00f3micos virtuosos. En este sentido, los beneficiarios contar\u00e1n con el acompa\u00f1amiento personalizado de otro emprendedor voluntario que, gracias a su experiencia previa, ocupar\u00e1 el rol de mentor y ser\u00e1 qui\u00e9n los gu\u00ede y ayud\u00e9 a identificar nuevas oportunidades de fortalecimiento y crecimiento de su negocio.El programa te va a permitir adquirir nuevas herramientas y conocimientos vinculados a la transformaci\u00f3n digital, gesti\u00f3n y finanzas.<\/p>\n<p>Asimismo, durante el 1er. mes del proceso, todos los participantes realizar\u00e1n un curso intensivo organizado por Academia BA Emprende.\u00a0 All\u00ed podr\u00e1n adquirir una base de conocimientos generales para aprender a ejercer correctamente su rol en la dupla. Luego comienza la etapa de mentor\u00edas personalizadas y tambi\u00e9n se ofrecer\u00e1n actividades espec\u00edficas como charlas inspiradoras de casos de \u00e9xito. Es importante destacar que de las 100 duplas que conformaron la primera camada de 2022, el 89% atravesaron todas las etapas y finalizaron satisfactoriamente el programa habiendo incorporado herramientas innovadoras en sus emprendimientos.<\/p>\n<p><strong>Los requisitos para participar como emprendedor:<\/strong><br \/>\nSer mayor de 18 a\u00f1os.<br \/>\nTener un emprendimiento de 6 meses de antig\u00fcedad como m\u00ednimo.<br \/>\nTener a dicho emprendimiento como actividad principal.<br \/>\n\u00bfCu\u00e1les son los requisitos para participar como mentor?<\/p>\n<p><strong>Ser mayor de 18 a\u00f1os:<\/strong><br \/>\nAdoptar compromiso con su formaci\u00f3n y con la mentor\u00eda.<br \/>\nTener disponibilidad de al menos una hora por semana para dedicarle al proyecto acompa\u00f1ado. Tanto quienes ocupen el rol de mentor como el emprendedor, contar\u00e1n con un sistema de apoyo y seguimiento individual que consiste en el asesoramiento personalizado por parte del equipo de Pacto Emprendedor. Tambi\u00e9n habr\u00e1 espacios de encuentro donde se presentar\u00e1n estrategias para fortalecer el liderazgo y conocimientos t\u00e9cnicos para todos los participantes.<\/p>\n","protected":false},"excerpt":{"rendered":"<p>Formaci\u00f3n, mentor\u00edas, experiencias transformadoras y acompa\u00f1amiento personalizado durante 3 meses, son s\u00f3lo algunos de los beneficios que ofrece Pacto Emprendedor 2022: la iniciativa que conecta a los emprendedores de la Ciudad por medio de duplas de trabajo conformadas por un mentor y un emprendedor. En esta oportunidad, el Ministerio de Desarrollo Econ\u00f3mico y Producci\u00f3n junto [&hellip;]<\/p>\n","protected":false},"author":3,"featured_media":39657,"comment_status":"open","ping_status":"open","sticky":false,"template":"","format":"standard","meta":{"_et_pb_use_builder":"","_et_pb_old_content":"","_et_gb_content_width":"","footnotes":""},"categories":[11,33],"tags":[],"class_list":["post-39656","post","type-post","status-publish","format-standard","has-post-thumbnail","hentry","category-ciudad","category-sociedad-y-cultura-2"],"_links":{"self":[{"href":"https:\/\/vocesdebaires.com.ar\/index.php\/wp-json\/wp\/v2\/posts\/39656"}],"collection":[{"href":"https:\/\/vocesdebaires.com.ar\/index.php\/wp-json\/wp\/v2\/posts"}],"about":[{"href":"https:\/\/vocesdebaires.com.ar\/index.php\/wp-json\/wp\/v2\/types\/post"}],"author":[{"embeddable":true,"href":"https:\/\/vocesdebaires.com.ar\/index.php\/wp-json\/wp\/v2\/users\/3"}],"replies":[{"embeddable":true,"href":"https:\/\/vocesdebaires.com.ar\/index.php\/wp-json\/wp\/v2\/comments?post=39656"}],"version-history":[{"count":2,"href":"https:\/\/vocesdebaires.com.ar\/index.php\/wp-json\/wp\/v2\/posts\/39656\/revisions"}],"predecessor-version":[{"id":39659,"href":"https:\/\/vocesdebaires.com.ar\/index.php\/wp-json\/wp\/v2\/posts\/39656\/revisions\/39659"}],"wp:featuredmedia":[{"embeddable":true,"href":"https:\/\/vocesdebaires.com.ar\/index.php\/wp-json\/wp\/v2\/media\/39657"}],"wp:attachment":[{"href":"https:\/\/vocesdebaires.com.ar\/index.php\/wp-json\/wp\/v2\/media?parent=39656"}],"wp:term":[{"taxonomy":"category","embeddable":true,"href":"https:\/\/vocesdebaires.com.ar\/index.php\/wp-json\/wp\/v2\/categories?post=39656"},{"taxonomy":"post_tag","embeddable":true,"href":"https:\/\/vocesdebaires.com.ar\/index.php\/wp-json\/wp\/v2\/tags?post=39656"}],"curies":[{"name":"wp","href":"https:\/\/api.w.org\/{rel}","templated":true}]}}