{"id":39660,"date":"2022-08-04T00:32:22","date_gmt":"2022-08-04T03:32:22","guid":{"rendered":"https:\/\/vocesdebaires.com.ar\/?p=39660"},"modified":"2022-08-04T00:32:22","modified_gmt":"2022-08-04T03:32:22","slug":"en-la-ciudadse-inauguro-la-muestra-artistica-hemos-fracasado","status":"publish","type":"post","link":"https:\/\/vocesdebaires.com.ar\/index.php\/2022\/08\/04\/en-la-ciudadse-inauguro-la-muestra-artistica-hemos-fracasado\/","title":{"rendered":"En la ciudad:se inaugur\u00f3 la muestra art\u00edstica \u00abHemos Fracasado\u00bb"},"content":{"rendered":"<p>Ayer por la tarde en la Sala de Exposiciones \u00abManuel Belgrano\u00bb se inaugur\u00f3 la muestra art\u00edstica \u00abHemos Fracasado\u00bb.Participaron el director general de Asuntos Culturales y Patrimoniales, Juan Diego Bellocchio; las artistas Clara Luz Gils y Claudia Hercman, con la curadur\u00eda de Florencia Nieto. \u201cComo casa del pueblo siempre somos una instituci\u00f3n de puertas abiertas como todo parlamento y nuestra idea es que sea la primera de muchas. Somos servidores p\u00fablicos y este espacio es de todos\u201c, coment\u00f3 Bellocchio. Luego, Hercman agradeci\u00f3 a la Legislatura por el espacio y dijo: \u201ces una muestra que tiene que ver con los temas que tengo en com\u00fan con Clara, como lo son la identidad, la memoria, las migraciones, los silencios, la curaci\u00f3n y la sanaci\u00f3n\u201d.<\/p>\n<p>La puesta se basa en obras de t\u00e9cnicas variadas. Gils busca nuevas tramas, poes\u00edas y decires a trav\u00e9s de diarios, noticias pasadas y papel de descarte. Por su lado, Hercman proyecta im\u00e1genes que enfrentan a la condici\u00f3n m\u00e1s \u00edntima y humana al desvestir cuerpos de telas y piel. Todo en un concepto que revela el d\u00e9bil exoesqueleto que sostiene nuestra cotidianeidad, nuestros cuerpos y deseos. La puesta art\u00edstica podr\u00e1 visitarse hasta el jueves 18 de agosto, de lunes a viernes de 10 a 19 horas. Y con entrada libre y gratuita.<\/p>\n","protected":false},"excerpt":{"rendered":"<p>Ayer por la tarde en la Sala de Exposiciones \u00abManuel Belgrano\u00bb se inaugur\u00f3 la muestra art\u00edstica \u00abHemos Fracasado\u00bb.Participaron el director general de Asuntos Culturales y Patrimoniales, Juan Diego Bellocchio; las artistas Clara Luz Gils y Claudia Hercman, con la curadur\u00eda de Florencia Nieto. \u201cComo casa del pueblo siempre somos una instituci\u00f3n de puertas abiertas como [&hellip;]<\/p>\n","protected":false},"author":3,"featured_media":39661,"comment_status":"open","ping_status":"open","sticky":false,"template":"","format":"standard","meta":{"_et_pb_use_builder":"","_et_pb_old_content":"","_et_gb_content_width":"","footnotes":""},"categories":[11,33],"tags":[],"class_list":["post-39660","post","type-post","status-publish","format-standard","has-post-thumbnail","hentry","category-ciudad","category-sociedad-y-cultura-2"],"_links":{"self":[{"href":"https:\/\/vocesdebaires.com.ar\/index.php\/wp-json\/wp\/v2\/posts\/39660"}],"collection":[{"href":"https:\/\/vocesdebaires.com.ar\/index.php\/wp-json\/wp\/v2\/posts"}],"about":[{"href":"https:\/\/vocesdebaires.com.ar\/index.php\/wp-json\/wp\/v2\/types\/post"}],"author":[{"embeddable":true,"href":"https:\/\/vocesdebaires.com.ar\/index.php\/wp-json\/wp\/v2\/users\/3"}],"replies":[{"embeddable":true,"href":"https:\/\/vocesdebaires.com.ar\/index.php\/wp-json\/wp\/v2\/comments?post=39660"}],"version-history":[{"count":1,"href":"https:\/\/vocesdebaires.com.ar\/index.php\/wp-json\/wp\/v2\/posts\/39660\/revisions"}],"predecessor-version":[{"id":39662,"href":"https:\/\/vocesdebaires.com.ar\/index.php\/wp-json\/wp\/v2\/posts\/39660\/revisions\/39662"}],"wp:featuredmedia":[{"embeddable":true,"href":"https:\/\/vocesdebaires.com.ar\/index.php\/wp-json\/wp\/v2\/media\/39661"}],"wp:attachment":[{"href":"https:\/\/vocesdebaires.com.ar\/index.php\/wp-json\/wp\/v2\/media?parent=39660"}],"wp:term":[{"taxonomy":"category","embeddable":true,"href":"https:\/\/vocesdebaires.com.ar\/index.php\/wp-json\/wp\/v2\/categories?post=39660"},{"taxonomy":"post_tag","embeddable":true,"href":"https:\/\/vocesdebaires.com.ar\/index.php\/wp-json\/wp\/v2\/tags?post=39660"}],"curies":[{"name":"wp","href":"https:\/\/api.w.org\/{rel}","templated":true}]}}