{"id":39663,"date":"2022-08-04T00:35:27","date_gmt":"2022-08-04T03:35:27","guid":{"rendered":"https:\/\/vocesdebaires.com.ar\/?p=39663"},"modified":"2022-08-04T00:40:56","modified_gmt":"2022-08-04T03:40:56","slug":"legislaturaun-mensaje-antibelico-y-una-nueva-exposicion-para-toda-la-ciudad","status":"publish","type":"post","link":"https:\/\/vocesdebaires.com.ar\/index.php\/2022\/08\/04\/legislaturaun-mensaje-antibelico-y-una-nueva-exposicion-para-toda-la-ciudad\/","title":{"rendered":"Legislatura: Se declar\u00f3  Inter\u00e9s Social el \u201cTemas Unidos\u201d"},"content":{"rendered":"<p>La Legislatura de la Ciudad declar\u00f3 de Inter\u00e9s Social y Cultural al disco \u201cTemas Unidos\u201d del pianista y compositor Gabriel Lococo. El acto se celebr\u00f3 en el Sal\u00f3n Presidente Dr. Ra\u00fal Alfons\u00edn y cont\u00f3 con la presencia de la legisladora impulsora de la iniciativa Carolina Estebarena (VJ), el artista distinguido y el Veterano de Guerra de Malvinas, Juan Tobar. Previo a la entrega del diploma la legisladora declar\u00f3: \u201centendimos que el disco es de inter\u00e9s desde el \u00e1mbito cultural y para toda la sociedad\u201d.<\/p>\n<p>Y agreg\u00f3: \u201cEn la Legislatura trabajamos el tema Malvinas todo el a\u00f1o y estoy orgullosa de haber presentado el proyecto y darle este reconocimiento\u201d. Por su parte, el artista rememor\u00f3 que el disco comenz\u00f3 a tomar forma en la v\u00edspera por el 40 aniversario de la guerra y que es un homenaje a los h\u00e9roes de Malvinas a trav\u00e9s de la m\u00fasica. \u201cQu\u00e9 mejor que unir a un m\u00fasico ingl\u00e9s y a uno argentino para dar un mensaje de paz\u201d, coment\u00f3 Lococo. Tambi\u00e9n aludi\u00f3 a que, a trav\u00e9s del arte y de la m\u00fasica, lo que buscaron fueron \u201ccaminos de di\u00e1logo, que es la mejor forma de consenso\u201d.<\/p>\n<p>Luego se proyect\u00f3 el documental \u00abH\u00e9roes de Malvinas. La guerra paso a paso como nunca se vi\u00f3\u00bb. La obra de Lococo, editada por el sello californiano Make Noise Not War Records, es un disco conceptual con un mensaje antib\u00e9lico y de paz sobre la Guerra de Malvinas, en el que tambi\u00e9n particip\u00f3 el m\u00fasico brit\u00e1nico Mark Slater. Cabe destacar que las regal\u00edas son destinadas a las familias que perdieron sus hogares en el incendio forestal de la Patagonia el a\u00f1o pasado.<\/p>\n","protected":false},"excerpt":{"rendered":"<p>La Legislatura de la Ciudad declar\u00f3 de Inter\u00e9s Social y Cultural al disco \u201cTemas Unidos\u201d del pianista y compositor Gabriel Lococo. El acto se celebr\u00f3 en el Sal\u00f3n Presidente Dr. Ra\u00fal Alfons\u00edn y cont\u00f3 con la presencia de la legisladora impulsora de la iniciativa Carolina Estebarena (VJ), el artista distinguido y el Veterano de Guerra [&hellip;]<\/p>\n","protected":false},"author":3,"featured_media":39664,"comment_status":"open","ping_status":"open","sticky":false,"template":"","format":"standard","meta":{"_et_pb_use_builder":"","_et_pb_old_content":"","_et_gb_content_width":"","footnotes":""},"categories":[33],"tags":[],"class_list":["post-39663","post","type-post","status-publish","format-standard","has-post-thumbnail","hentry","category-sociedad-y-cultura-2"],"_links":{"self":[{"href":"https:\/\/vocesdebaires.com.ar\/index.php\/wp-json\/wp\/v2\/posts\/39663"}],"collection":[{"href":"https:\/\/vocesdebaires.com.ar\/index.php\/wp-json\/wp\/v2\/posts"}],"about":[{"href":"https:\/\/vocesdebaires.com.ar\/index.php\/wp-json\/wp\/v2\/types\/post"}],"author":[{"embeddable":true,"href":"https:\/\/vocesdebaires.com.ar\/index.php\/wp-json\/wp\/v2\/users\/3"}],"replies":[{"embeddable":true,"href":"https:\/\/vocesdebaires.com.ar\/index.php\/wp-json\/wp\/v2\/comments?post=39663"}],"version-history":[{"count":4,"href":"https:\/\/vocesdebaires.com.ar\/index.php\/wp-json\/wp\/v2\/posts\/39663\/revisions"}],"predecessor-version":[{"id":39668,"href":"https:\/\/vocesdebaires.com.ar\/index.php\/wp-json\/wp\/v2\/posts\/39663\/revisions\/39668"}],"wp:featuredmedia":[{"embeddable":true,"href":"https:\/\/vocesdebaires.com.ar\/index.php\/wp-json\/wp\/v2\/media\/39664"}],"wp:attachment":[{"href":"https:\/\/vocesdebaires.com.ar\/index.php\/wp-json\/wp\/v2\/media?parent=39663"}],"wp:term":[{"taxonomy":"category","embeddable":true,"href":"https:\/\/vocesdebaires.com.ar\/index.php\/wp-json\/wp\/v2\/categories?post=39663"},{"taxonomy":"post_tag","embeddable":true,"href":"https:\/\/vocesdebaires.com.ar\/index.php\/wp-json\/wp\/v2\/tags?post=39663"}],"curies":[{"name":"wp","href":"https:\/\/api.w.org\/{rel}","templated":true}]}}