{"id":3967,"date":"2019-10-10T03:00:00","date_gmt":"2019-10-10T06:00:00","guid":{"rendered":"http:\/\/vocesdebaires.com.ar\/wordpress\/index.php\/2019\/10\/10\/recuerdo-hambruna-y-colectivizacion-forzosa\/"},"modified":"2019-10-10T03:00:00","modified_gmt":"2019-10-10T06:00:00","slug":"recuerdo-hambruna-y-colectivizacion-forzosa","status":"publish","type":"post","link":"https:\/\/vocesdebaires.com.ar\/index.php\/2019\/10\/10\/recuerdo-hambruna-y-colectivizacion-forzosa\/","title":{"rendered":"Recuerdo hambruna y colectivizaci\u00f3n forzosa"},"content":{"rendered":"<p>Se record\u00f3 el holodomor, hambruna que asol\u00f3 a Ucrania, por entonces territorio de la Uni\u00f3n de Rep\u00fablicas Socialistas Sovi\u00e9ticas, entre 1932 y 1933.\u00a0 Diego Capuya, subsecretario de Relaciones Pol\u00edticas e Institucionales introdujo al afirmar en el Sal\u00f3n San Mart\u00edn que \u201cestamos recordando un evento tr\u00e1gico en la historia de Ucrania y la humanidad, la hambruna a la que fue sometido el pueblo ucraniano por parte de la Uni\u00f3n Sovi\u00e9tica\u201d y afirm\u00f3 que \u201clos derechos humanos son de todos y no de un solo pueblo y hay que protegerlos\u201d<\/p>\n<p>Claudio Avruj, secretario de Derechos Humanos y Pluralismo Cultural de la Naci\u00f3n y ex presidente del Museo del Holocausto en Buenos Aires, explic\u00f3 que la comunidad de armenia y ucrania, est\u00e1n comprometidos con la defensa de los derechos humanos. Aclam\u00f3 \u201cseguir esta huella, que marca esta comunidad y mantener viva la llama de la memoria\u201d y se explay\u00f3 al contar que \u201cning\u00fan pol\u00edtica de estado puede justificar un genocidio y la hambruna lo es\u201d<\/p>\n<p>Margarita Aristova, consejera de\u00a0 la embajada de Ucrania en Argentina, explic\u00f3 que esta fue \u201cuna de las mayores tragedias de la comunidad ucraniana y una de las mayores del siglo XX\u201d.\u00a0 Pidi\u00f3 a \u201cla comunidad internacional que la reconozcan como un genocidio\u201d, cuesti\u00f3n que han hecho parlamentos de una veintena de pa\u00edses. El problema comenz\u00f3 con la colectivizaci\u00f3n forzosa de la tierra que desat\u00f3 fuertes represalias ya que se calific\u00f3 a los \u2018kulaks\u2019 como enemigos \u2018nacionalistas burgueses\u2019; lo que produjo 7 a 10 millones de muertes en dos a\u00f1os por hambre.<\/p>\n<p>Jerem\u00edas Taurydzky, historiador record\u00f3 que al estudiar archivos de la polic\u00eda secreta sovi\u00e9tica (KGV) se hab\u00edan ordenado \u201cplanes de acopio de granos a cualquier costo\u201d y luego los campesinos, fueron obligados a entregar sus tierras al estado y la producci\u00f3n la empezaron a fijar las autoridades. Esto produjo en dos a\u00f1os \u201cla muerte de 7 a 10 millones de ucranianos\u201d, mientras que en el resto de la Uni\u00f3n Sovi\u00e9tica, murieron 3 millones en el mismo per\u00edodo. El profesor afirm\u00f3 que \u201cesto ocurri\u00f3 en tiempos de paz, mientras que el genocidio armenio fue durante la primera guerra mundial y el jud\u00edo, en la segunda\u201d.<\/p>\n","protected":false},"excerpt":{"rendered":"<p>Se record\u00f3 el holodomor, hambruna que asol\u00f3 a Ucrania, por entonces territorio de la Uni\u00f3n de Rep\u00fablicas Socialistas Sovi\u00e9ticas, entre 1932 y 1933.\u00a0 Diego Capuya, subsecretario de Relaciones Pol\u00edticas e Institucionales introdujo al afirmar en el Sal\u00f3n San Mart\u00edn que \u201cestamos recordando un evento tr\u00e1gico en la historia de Ucrania y la humanidad, la hambruna [&hellip;]<\/p>\n","protected":false},"author":1,"featured_media":3968,"comment_status":"open","ping_status":"open","sticky":false,"template":"","format":"standard","meta":{"_et_pb_use_builder":"","_et_pb_old_content":"","_et_gb_content_width":"","footnotes":""},"categories":[12,34],"tags":[],"class_list":["post-3967","post","type-post","status-publish","format-standard","has-post-thumbnail","hentry","category-nacion","category-politica"],"_links":{"self":[{"href":"https:\/\/vocesdebaires.com.ar\/index.php\/wp-json\/wp\/v2\/posts\/3967"}],"collection":[{"href":"https:\/\/vocesdebaires.com.ar\/index.php\/wp-json\/wp\/v2\/posts"}],"about":[{"href":"https:\/\/vocesdebaires.com.ar\/index.php\/wp-json\/wp\/v2\/types\/post"}],"author":[{"embeddable":true,"href":"https:\/\/vocesdebaires.com.ar\/index.php\/wp-json\/wp\/v2\/users\/1"}],"replies":[{"embeddable":true,"href":"https:\/\/vocesdebaires.com.ar\/index.php\/wp-json\/wp\/v2\/comments?post=3967"}],"version-history":[{"count":0,"href":"https:\/\/vocesdebaires.com.ar\/index.php\/wp-json\/wp\/v2\/posts\/3967\/revisions"}],"wp:featuredmedia":[{"embeddable":true,"href":"https:\/\/vocesdebaires.com.ar\/index.php\/wp-json\/wp\/v2\/media\/3968"}],"wp:attachment":[{"href":"https:\/\/vocesdebaires.com.ar\/index.php\/wp-json\/wp\/v2\/media?parent=3967"}],"wp:term":[{"taxonomy":"category","embeddable":true,"href":"https:\/\/vocesdebaires.com.ar\/index.php\/wp-json\/wp\/v2\/categories?post=3967"},{"taxonomy":"post_tag","embeddable":true,"href":"https:\/\/vocesdebaires.com.ar\/index.php\/wp-json\/wp\/v2\/tags?post=3967"}],"curies":[{"name":"wp","href":"https:\/\/api.w.org\/{rel}","templated":true}]}}