{"id":39687,"date":"2022-08-05T00:00:27","date_gmt":"2022-08-05T03:00:27","guid":{"rendered":"https:\/\/vocesdebaires.com.ar\/?p=39687"},"modified":"2022-08-04T23:42:39","modified_gmt":"2022-08-05T02:42:39","slug":"amiabrinda-oportunidad-para-jovenes-emprendedores-plan-crecer","status":"publish","type":"post","link":"https:\/\/vocesdebaires.com.ar\/index.php\/2022\/08\/05\/amiabrinda-oportunidad-para-jovenes-emprendedores-plan-crecer\/","title":{"rendered":"AMIA:Brinda oportunidad para j\u00f3venes emprendedores \u201cPlan Crecer\u201d"},"content":{"rendered":"<p>Con el prop\u00f3sito de brindar un acompa\u00f1amiento integral que sirva de gu\u00eda y ayude a generar m\u00e1s impulso, AMIA Joven lanz\u00f3 el \u201cPlan Crecer\u201d, dirigido a personas entre 21 y 40 a\u00f1os que cuentan con un proyecto en marcha desde hace al menos dos a\u00f1os. Quienes formen parte del programa, que se lanza en el marco del Club de Emprendedores (CDE), podr\u00e1n incorporar conocimientos sobre marketing estrat\u00e9gico, gesti\u00f3n y crecimiento, contabilidad y finanzas, email marketing, social ads, impacto social y aspectos legales a la hora de emprender.<\/p>\n<p>El \u201cPlan Crecer\u201d, que comenzar\u00e1 el jueves 18 agosto y tendr\u00e1 una duraci\u00f3n de tres meses, se desarrollar\u00e1 en formato presencial y virtual, con docentes especializados. Asimismo, habr\u00e1 instancias de networking y espacios de mentor\u00edas en grupos reducidos con un equipo exclusivo de profesionales. \u201cEsta es una oportunidad \u00fanica para los j\u00f3venes que desean que su emprendimiento se potencie y crezca a\u00fan m\u00e1s. Quienes tengan proyectos en marcha, podr\u00e1n sumarse a este programa que les brindar\u00e1 asesoramiento, capacitaci\u00f3n y la oportunidad de conversar con expertos y referentes del emprendurismo\u201d, expres\u00f3 Flavia Zalcman, coordinadora de AMIA Joven.<\/p>\n<p>\u201cEl CDE, por el que ya han pasado m\u00e1s de 900 j\u00f3venes, cuenta con espacios de networking, en el que los emprendedores podr\u00e1n conectar con sus pares, y mentor\u00edas grupales, en las que se acompa\u00f1ar\u00e1 a los participantes en el proceso de aprendizaje\u201d, agreg\u00f3. Para participar del programa, que tiene un arancel muy accesible, las personas interesadas deber\u00e1n completar el formulario de inscripci\u00f3n que se encuentra en este link. Para consultas o solicitar m\u00e1s informaci\u00f3n, se puede escribir un mail a cde@amia.org.ar<\/p>\n","protected":false},"excerpt":{"rendered":"<p>Con el prop\u00f3sito de brindar un acompa\u00f1amiento integral que sirva de gu\u00eda y ayude a generar m\u00e1s impulso, AMIA Joven lanz\u00f3 el \u201cPlan Crecer\u201d, dirigido a personas entre 21 y 40 a\u00f1os que cuentan con un proyecto en marcha desde hace al menos dos a\u00f1os. Quienes formen parte del programa, que se lanza en el [&hellip;]<\/p>\n","protected":false},"author":2,"featured_media":39688,"comment_status":"open","ping_status":"open","sticky":false,"template":"","format":"standard","meta":{"_et_pb_use_builder":"","_et_pb_old_content":"","_et_gb_content_width":"","footnotes":""},"categories":[11,33],"tags":[],"class_list":["post-39687","post","type-post","status-publish","format-standard","has-post-thumbnail","hentry","category-ciudad","category-sociedad-y-cultura-2"],"_links":{"self":[{"href":"https:\/\/vocesdebaires.com.ar\/index.php\/wp-json\/wp\/v2\/posts\/39687"}],"collection":[{"href":"https:\/\/vocesdebaires.com.ar\/index.php\/wp-json\/wp\/v2\/posts"}],"about":[{"href":"https:\/\/vocesdebaires.com.ar\/index.php\/wp-json\/wp\/v2\/types\/post"}],"author":[{"embeddable":true,"href":"https:\/\/vocesdebaires.com.ar\/index.php\/wp-json\/wp\/v2\/users\/2"}],"replies":[{"embeddable":true,"href":"https:\/\/vocesdebaires.com.ar\/index.php\/wp-json\/wp\/v2\/comments?post=39687"}],"version-history":[{"count":1,"href":"https:\/\/vocesdebaires.com.ar\/index.php\/wp-json\/wp\/v2\/posts\/39687\/revisions"}],"predecessor-version":[{"id":39689,"href":"https:\/\/vocesdebaires.com.ar\/index.php\/wp-json\/wp\/v2\/posts\/39687\/revisions\/39689"}],"wp:featuredmedia":[{"embeddable":true,"href":"https:\/\/vocesdebaires.com.ar\/index.php\/wp-json\/wp\/v2\/media\/39688"}],"wp:attachment":[{"href":"https:\/\/vocesdebaires.com.ar\/index.php\/wp-json\/wp\/v2\/media?parent=39687"}],"wp:term":[{"taxonomy":"category","embeddable":true,"href":"https:\/\/vocesdebaires.com.ar\/index.php\/wp-json\/wp\/v2\/categories?post=39687"},{"taxonomy":"post_tag","embeddable":true,"href":"https:\/\/vocesdebaires.com.ar\/index.php\/wp-json\/wp\/v2\/tags?post=39687"}],"curies":[{"name":"wp","href":"https:\/\/api.w.org\/{rel}","templated":true}]}}